{"id":23262,"date":"2025-01-04T02:36:32","date_gmt":"2025-01-04T05:36:32","guid":{"rendered":"https:\/\/www.revistarescatados.com.ar\/web\/?p=23262"},"modified":"2025-01-04T02:36:32","modified_gmt":"2025-01-04T05:36:32","slug":"condenaron-a-10-anos-de-prision-a-un-abusador-sexual-de-fortin-olmos-que-habia-sido-absuelto-en-primera-instancia","status":"publish","type":"post","link":"https:\/\/www.revistarescatados.com.ar\/web\/2025\/01\/04\/condenaron-a-10-anos-de-prision-a-un-abusador-sexual-de-fortin-olmos-que-habia-sido-absuelto-en-primera-instancia\/","title":{"rendered":"Condenaron a 10 a\u00f1os de prisi\u00f3n a un abusador sexual de Fort\u00edn Olmos que hab\u00eda sido absuelto en primera instancia"},"content":{"rendered":"<p><strong>As\u00ed lo resolvi\u00f3 por unanimidad un tribunal de segunda instancia que hizo lugar a lo solicitado por el fiscal Leandro Benegas en la audiencia de apelaci\u00f3n, la cual se realiz\u00f3 en la ciudad de Vera. El condenado es Walter Jos\u00e9 Vel\u00e1zquez, de 40 a\u00f1os. El funcionario del MPA resalt\u00f3 \u201cla perspectiva de g\u00e9nero y de ni\u00f1ez con la que los camaristas analizaron el caso\u201d.<\/strong><\/p>\n<p>&nbsp;<\/p>\n<p><img loading=\"lazy\" class=\"aligncenter size-large wp-image-1498\" src=\"http:\/\/www.revistarescatados.com.ar\/web\/wp-content\/uploads\/2018\/08\/Tribunales-1024x529.jpg\" alt=\"\" width=\"1024\" height=\"529\" srcset=\"https:\/\/www.revistarescatados.com.ar\/web\/wp-content\/uploads\/2018\/08\/Tribunales.jpg 1024w, https:\/\/www.revistarescatados.com.ar\/web\/wp-content\/uploads\/2018\/08\/Tribunales-300x155.jpg 300w, https:\/\/www.revistarescatados.com.ar\/web\/wp-content\/uploads\/2018\/08\/Tribunales-768x397.jpg 768w\" sizes=\"(max-width: 1024px) 100vw, 1024px\" \/><\/p>\n<p>Un tribunal de segunda instancia revoc\u00f3 un fallo absolutorio y dispuso una pena a 10 a\u00f1os de prisi\u00f3n para un hombre que abus\u00f3 sexualmente de una ni\u00f1a de su entorno familiar en Fort\u00edn Olmos (departamento Vera). El condenado es Walter Jos\u00e9 Vel\u00e1zquez, de 40 a\u00f1os, a quien tambi\u00e9n se le impuso una inhabilitaci\u00f3n absoluta por el plazo de la condena.<\/p>\n<p>Los jueces que resolvieron la sentencia de la Alzada son Eduardo Bernacchia (presidente del tribunal), Oscar Burtnik y Fabio Mudry. Lo hicieron por unanimidad, luego de escuchar a las partes en la audiencia de apelaci\u00f3n, que se llev\u00f3 adelante en los tribunales de Vera.<\/p>\n<p>El fiscal Leandro Benegas estuvo a cargo de la investigaci\u00f3n y represent\u00f3 al MPA en las diferentes etapas del proceso judicial. En tal sentido, record\u00f3 que \u201cel juicio oral fue en agosto del a\u00f1o pasado ante los jueces Natalia Palud (presidenta del tribunal), Santiago Banegas y Norma Senn, quienes absolvieron al agresor por el beneficio de la duda\u201d, e inform\u00f3 que \u201cun mes despu\u00e9s, presentamos el correspondiente recurso de apelaci\u00f3n para que el fallo fuera revisado\u201d.<\/p>\n<p>&nbsp;<\/p>\n<p><strong>G\u00e9nero y ni\u00f1ez<\/strong><\/p>\n<p>El fiscal Benegas afirm\u00f3 que \u201cen la sentencia de primera instancia, se hizo una valoraci\u00f3n de la prueba que fue arbitraria, parcial y carente de perspectiva de g\u00e9nero\u201d, y explic\u00f3 que \u201cno se atendi\u00f3 la situaci\u00f3n de vulnerabilidad que atravesaba la ni\u00f1a al momento de los il\u00edcitos, ni la amplitud probatoria que demandan este tipo de delitos\u201d.<\/p>\n<p>\u201cEl tribunal del juicio oral tambi\u00e9n hizo graves y err\u00f3neas interpretaciones tanto de testimonios como de informes de pericias cient\u00edficas que acreditan que el condenado es quien atent\u00f3 contra la integridad sexual de la v\u00edctima\u201d, resalt\u00f3 el fiscal. \u201cEn el veredicto de primera instancia, incluso, se recomend\u00f3 al MPA profundizar una l\u00ednea investigativa relacionada con el supuesto hallazgo de material gen\u00e9tico de un tercero, lo cual contradice lo expuesto por los profesionales que realizaron los estudios\u201d, agreg\u00f3.<\/p>\n<p>&nbsp;<\/p>\n<p><strong>En segunda instancia<\/strong><\/p>\n<p>En contraposici\u00f3n a lo dispuesto en primera instancia, el fiscal Benegas destac\u00f3 \u201cla perspectiva de g\u00e9nero y de ni\u00f1ez con la que los camaristas analizaron el caso\u201d.<\/p>\n<p>En un voto al que adhirieron los otros dos integrantes del tribunal de la Alzada, el juez Bernacchia manifest\u00f3 que \u201cel hecho investigado est\u00e1 probado claramente no s\u00f3lo por los dichos de la v\u00edctima sino por lo corroborado por las profesionales intervinientes\u201d.<\/p>\n<p>Asimismo, el presidente del tribunal de segunda instancia consider\u00f3 que por parte del condenado hubo \u201cviolencia psicol\u00f3gica, violencia f\u00edsica y violencia sexual; lo contrario ser\u00eda ponernos ante el rid\u00edculo, inexistente e imposible escenario que har\u00eda responsables y\/o provocadoras a las v\u00edctimas de lo sucedido\u201d.<\/p>\n<p>&nbsp;<\/p>\n<p><strong>En su casa<\/strong><\/p>\n<p>El fiscal se\u00f1al\u00f3 que \u201cen octubre de 2020, cuando la ni\u00f1a transitaba su escolaridad primaria, sufri\u00f3 el abuso en su propia casa\u201d. Precis\u00f3 que \u201cel condenado ten\u00eda acceso a la vivienda a ra\u00edz del v\u00ednculo familiar entre ellos\u201d, y remarc\u00f3 que \u201cla agredi\u00f3 sexualmente en un momento en el que no hab\u00eda nadie m\u00e1s en el domicilio\u201d.<\/p>\n<p>\u201cAunque con el fin de procurar su impunidad Vel\u00e1zquez amenaz\u00f3 a la v\u00edctima para que no contara nada sobre lo ocurrido, ella logr\u00f3 hablar sobre el tema con su madre\u201d, relat\u00f3 Benegas. \u201cAl enterarse, la mujer radic\u00f3 la denuncia que dio origen a la investigaci\u00f3n penal\u201d, concluy\u00f3.<\/p>\n<p>&nbsp;<\/p>\n<p><strong>Calificaci\u00f3n legal<\/strong><\/p>\n<p>En segunda instancia, Vel\u00e1zquez fue condenado como autor de los delitos de abuso sexual con acceso carnal y promoci\u00f3n de la corrupci\u00f3n de menores agravada (por tratarse de una v\u00edctima menor de 13 a\u00f1os).<\/p>\n<p>Por otra parte, los camaristas ratificaron la absoluci\u00f3n que hab\u00eda sido dispuesta en primera instancia en relaci\u00f3n al delito de abuso sexual gravemente ultrajante que se le hab\u00eda atribuido al hombre de 40 a\u00f1os.<\/p>\n<p>&nbsp;<\/p>\n","protected":false},"excerpt":{"rendered":"<p>As\u00ed lo resolvi\u00f3 por unanimidad un tribunal de segunda instancia que hizo lugar a lo solicitado por el fiscal Leandro Benegas en la audiencia de apelaci\u00f3n, la cual se realiz\u00f3 en la&#46;&#46;&#46;<\/p>\n","protected":false},"author":1,"featured_media":1498,"comment_status":"closed","ping_status":"closed","sticky":false,"template":"","format":"standard","meta":[],"categories":[3,16,10,8],"tags":[],"_links":{"self":[{"href":"https:\/\/www.revistarescatados.com.ar\/web\/wp-json\/wp\/v2\/posts\/23262"}],"collection":[{"href":"https:\/\/www.revistarescatados.com.ar\/web\/wp-json\/wp\/v2\/posts"}],"about":[{"href":"https:\/\/www.revistarescatados.com.ar\/web\/wp-json\/wp\/v2\/types\/post"}],"author":[{"embeddable":true,"href":"https:\/\/www.revistarescatados.com.ar\/web\/wp-json\/wp\/v2\/users\/1"}],"replies":[{"embeddable":true,"href":"https:\/\/www.revistarescatados.com.ar\/web\/wp-json\/wp\/v2\/comments?post=23262"}],"version-history":[{"count":1,"href":"https:\/\/www.revistarescatados.com.ar\/web\/wp-json\/wp\/v2\/posts\/23262\/revisions"}],"predecessor-version":[{"id":23263,"href":"https:\/\/www.revistarescatados.com.ar\/web\/wp-json\/wp\/v2\/posts\/23262\/revisions\/23263"}],"wp:featuredmedia":[{"embeddable":true,"href":"https:\/\/www.revistarescatados.com.ar\/web\/wp-json\/wp\/v2\/media\/1498"}],"wp:attachment":[{"href":"https:\/\/www.revistarescatados.com.ar\/web\/wp-json\/wp\/v2\/media?parent=23262"}],"wp:term":[{"taxonomy":"category","embeddable":true,"href":"https:\/\/www.revistarescatados.com.ar\/web\/wp-json\/wp\/v2\/categories?post=23262"},{"taxonomy":"post_tag","embeddable":true,"href":"https:\/\/www.revistarescatados.com.ar\/web\/wp-json\/wp\/v2\/tags?post=23262"}],"curies":[{"name":"wp","href":"https:\/\/api.w.org\/{rel}","templated":true}]}}