{"id":23274,"date":"2025-01-07T17:57:04","date_gmt":"2025-01-07T20:57:04","guid":{"rendered":"https:\/\/www.revistarescatados.com.ar\/web\/?p=23274"},"modified":"2025-01-07T17:57:04","modified_gmt":"2025-01-07T20:57:04","slug":"la-mutual-romang-futbol-club-inauguro-su-edificio-en-malabrigo","status":"publish","type":"post","link":"https:\/\/www.revistarescatados.com.ar\/web\/2025\/01\/07\/la-mutual-romang-futbol-club-inauguro-su-edificio-en-malabrigo\/","title":{"rendered":"La Mutual Romang F\u00fatbol Club inaugur\u00f3 su edificio en Malabrigo"},"content":{"rendered":"<p>&nbsp;<\/p>\n<p><strong>El pasado viernes 20 de diciembre en horas de la tarde, la Mutual de Romang F\u00fatbol Club inaugur\u00f3 el edificio propio de la sucursal que posee en la progresista Ciudad Jard\u00edn, en Avda. Federico Carlos Sigel 671.<\/strong><\/p>\n<p>&nbsp;<\/p>\n<p><strong><img loading=\"lazy\" class=\"aligncenter size-full wp-image-23278\" src=\"http:\/\/www.revistarescatados.com.ar\/web\/wp-content\/uploads\/2025\/01\/MUTUAL-RFC-MALABRIGO-1.jpg\" alt=\"\" width=\"934\" height=\"406\" srcset=\"https:\/\/www.revistarescatados.com.ar\/web\/wp-content\/uploads\/2025\/01\/MUTUAL-RFC-MALABRIGO-1.jpg 934w, https:\/\/www.revistarescatados.com.ar\/web\/wp-content\/uploads\/2025\/01\/MUTUAL-RFC-MALABRIGO-1-300x130.jpg 300w, https:\/\/www.revistarescatados.com.ar\/web\/wp-content\/uploads\/2025\/01\/MUTUAL-RFC-MALABRIGO-1-768x334.jpg 768w\" sizes=\"(max-width: 934px) 100vw, 934px\" \/>\u00a0 \u00a0 \u00a0 \u00a0 \u00a0 \u00a0 \u00a0 \u00a0 \u00a0 \u00a0 \u00a0 \u00a0 \u00a0 \u00a0 \u00a0\u00a0<\/strong><\/p>\n<p>La ceremonia comenz\u00f3 con las palabras de bienvenida dando paso al primer discurso que estuvo a cargo del presidente de la entidad mutualista H\u00e9ctor Enrique Soneyro. A continuaci\u00f3n, se expres\u00f3 el gerente general de la mutual Alberto Enrique Bieri, quien adem\u00e1s es tesorero de la Federaci\u00f3n \u201cBrigadier L\u00f3pez\u201d. Seguidamente, lo hizo el Director Provincial de Cooperativas y Mutuales Carlos Daniel Volpato. Por \u00faltimo, hizo uso de la palabra el intendente municipal Roberto Carlos Sponton.<\/p>\n<p><img loading=\"lazy\" class=\"aligncenter size-large wp-image-23276\" src=\"http:\/\/www.revistarescatados.com.ar\/web\/wp-content\/uploads\/2025\/01\/Corte-de-cintas-1024x709.jpg\" alt=\"\" width=\"1024\" height=\"709\" srcset=\"https:\/\/www.revistarescatados.com.ar\/web\/wp-content\/uploads\/2025\/01\/Corte-de-cintas-1024x709.jpg 1024w, https:\/\/www.revistarescatados.com.ar\/web\/wp-content\/uploads\/2025\/01\/Corte-de-cintas-300x208.jpg 300w, https:\/\/www.revistarescatados.com.ar\/web\/wp-content\/uploads\/2025\/01\/Corte-de-cintas-768x532.jpg 768w, https:\/\/www.revistarescatados.com.ar\/web\/wp-content\/uploads\/2025\/01\/Corte-de-cintas-1536x1064.jpg 1536w, https:\/\/www.revistarescatados.com.ar\/web\/wp-content\/uploads\/2025\/01\/Corte-de-cintas-2048x1419.jpg 2048w\" sizes=\"(max-width: 1024px) 100vw, 1024px\" \/><\/p>\n<p>&nbsp;<\/p>\n<p>Continuando con el acto, se procedi\u00f3 al descubrimiento de dos placas recordatorias y a bendecir las instalaciones por parte del presb\u00edtero Luciano Molina y del pastor Diego Maidana y el corte de cintas fue realizado por el gerente general de la entidad Alberto Bieri, acompa\u00f1ado por el intendente municipal Roberto Sponton, por el Director Provincial de Cooperativas y Mutuales Carlos Volpato y por los gerentes de casa central y de la sucursal Malabrigo, Lauro Fabbro y Beatriz Victor, respectivamente. De ese modo, se habilit\u00f3 la recorrida por las flamantes instalaciones.<\/p>\n<p>&nbsp;<\/p>\n","protected":false},"excerpt":{"rendered":"<p>&nbsp; El pasado viernes 20 de diciembre en horas de la tarde, la Mutual de Romang F\u00fatbol Club inaugur\u00f3 el edificio propio de la sucursal que posee en la progresista Ciudad Jard\u00edn,&#46;&#46;&#46;<\/p>\n","protected":false},"author":1,"featured_media":23278,"comment_status":"closed","ping_status":"closed","sticky":false,"template":"","format":"standard","meta":[],"categories":[6,16,10,8],"tags":[],"_links":{"self":[{"href":"https:\/\/www.revistarescatados.com.ar\/web\/wp-json\/wp\/v2\/posts\/23274"}],"collection":[{"href":"https:\/\/www.revistarescatados.com.ar\/web\/wp-json\/wp\/v2\/posts"}],"about":[{"href":"https:\/\/www.revistarescatados.com.ar\/web\/wp-json\/wp\/v2\/types\/post"}],"author":[{"embeddable":true,"href":"https:\/\/www.revistarescatados.com.ar\/web\/wp-json\/wp\/v2\/users\/1"}],"replies":[{"embeddable":true,"href":"https:\/\/www.revistarescatados.com.ar\/web\/wp-json\/wp\/v2\/comments?post=23274"}],"version-history":[{"count":1,"href":"https:\/\/www.revistarescatados.com.ar\/web\/wp-json\/wp\/v2\/posts\/23274\/revisions"}],"predecessor-version":[{"id":23279,"href":"https:\/\/www.revistarescatados.com.ar\/web\/wp-json\/wp\/v2\/posts\/23274\/revisions\/23279"}],"wp:featuredmedia":[{"embeddable":true,"href":"https:\/\/www.revistarescatados.com.ar\/web\/wp-json\/wp\/v2\/media\/23278"}],"wp:attachment":[{"href":"https:\/\/www.revistarescatados.com.ar\/web\/wp-json\/wp\/v2\/media?parent=23274"}],"wp:term":[{"taxonomy":"category","embeddable":true,"href":"https:\/\/www.revistarescatados.com.ar\/web\/wp-json\/wp\/v2\/categories?post=23274"},{"taxonomy":"post_tag","embeddable":true,"href":"https:\/\/www.revistarescatados.com.ar\/web\/wp-json\/wp\/v2\/tags?post=23274"}],"curies":[{"name":"wp","href":"https:\/\/api.w.org\/{rel}","templated":true}]}}