{"id":23283,"date":"2025-01-07T18:44:57","date_gmt":"2025-01-07T21:44:57","guid":{"rendered":"https:\/\/www.revistarescatados.com.ar\/web\/?p=23283"},"modified":"2025-01-07T18:44:57","modified_gmt":"2025-01-07T21:44:57","slug":"fallecio-una-querida-docente-de-calchaqui-tenia-106-anos","status":"publish","type":"post","link":"https:\/\/www.revistarescatados.com.ar\/web\/2025\/01\/07\/fallecio-una-querida-docente-de-calchaqui-tenia-106-anos\/","title":{"rendered":"Falleci\u00f3 una querida docente de Calchaqu\u00ed: Ten\u00eda 106 a\u00f1os"},"content":{"rendered":"<p><strong>Con pesar, la comunidad despidi\u00f3 a Rosa Caruso de Olsina, muy querida docente de la escuela provincial N\u00b0 6117. &#8220;Rosita&#8221; falleci\u00f3 el s\u00e1bado 4 de enero y era la mujer m\u00e1s longeva de la ciudad.<\/strong><\/p>\n<p><img loading=\"lazy\" class=\"aligncenter size-full wp-image-23284\" src=\"http:\/\/www.revistarescatados.com.ar\/web\/wp-content\/uploads\/2025\/01\/Rosa-Caruso-de-Olsina.jpg\" alt=\"\" width=\"572\" height=\"742\" srcset=\"https:\/\/www.revistarescatados.com.ar\/web\/wp-content\/uploads\/2025\/01\/Rosa-Caruso-de-Olsina.jpg 572w, https:\/\/www.revistarescatados.com.ar\/web\/wp-content\/uploads\/2025\/01\/Rosa-Caruso-de-Olsina-231x300.jpg 231w\" sizes=\"(max-width: 572px) 100vw, 572px\" \/><\/p>\n<p>Este s\u00e1bado 4 de enero falleci\u00f3 en Calchaqu\u00ed a los 106 a\u00f1os de edad, Rosa Caruso viuda de Olsina. Sus restos fueron velados en sala de Santa Fe 411 de la funeraria Santa Rita\u00a0 y recibieron sepultura el domingo 5 de enero a las 11 hs en el Cementerio municipal de Calchaqu\u00ed.<\/p>\n<p>Hab\u00eda nacido el 22 de noviembre del a\u00f1o 1918. Fue una docente muy recordada por su labor en las aulas de la escuela provincial N\u00b0 6117 de jornada completa; la primera instituci\u00f3n educativa de la ciudad.<\/p>\n<p>Fue una maestra de grado, siempre mencionada y recordada con cari\u00f1o por las generaciones de alumnos de la entonces escuela nacional 117.<\/p>\n<p>En redes sociales, el artista y docente Hugo Rivoire le dedico sentidas palabras. <strong>&#8220;Tarea cumplida &#8220;Rosita&#8221; docente y amiga con una conducta intachable. Descansa en paz amiga querida. A sus nietos que est\u00e9n en paz ya cumplieron con el cari\u00f1o brindado. Me quedo con recuerdos hermosos&#8230; 106 a\u00f1os&#8221;,<\/strong> la despidi\u00f3 con cari\u00f1o.<\/p>\n","protected":false},"excerpt":{"rendered":"<p>Con pesar, la comunidad despidi\u00f3 a Rosa Caruso de Olsina, muy querida docente de la escuela provincial N\u00b0 6117. &#8220;Rosita&#8221; falleci\u00f3 el s\u00e1bado 4 de enero y era la mujer m\u00e1s longeva&#46;&#46;&#46;<\/p>\n","protected":false},"author":1,"featured_media":23284,"comment_status":"closed","ping_status":"closed","sticky":false,"template":"","format":"standard","meta":[],"categories":[2,3,16,8],"tags":[],"_links":{"self":[{"href":"https:\/\/www.revistarescatados.com.ar\/web\/wp-json\/wp\/v2\/posts\/23283"}],"collection":[{"href":"https:\/\/www.revistarescatados.com.ar\/web\/wp-json\/wp\/v2\/posts"}],"about":[{"href":"https:\/\/www.revistarescatados.com.ar\/web\/wp-json\/wp\/v2\/types\/post"}],"author":[{"embeddable":true,"href":"https:\/\/www.revistarescatados.com.ar\/web\/wp-json\/wp\/v2\/users\/1"}],"replies":[{"embeddable":true,"href":"https:\/\/www.revistarescatados.com.ar\/web\/wp-json\/wp\/v2\/comments?post=23283"}],"version-history":[{"count":1,"href":"https:\/\/www.revistarescatados.com.ar\/web\/wp-json\/wp\/v2\/posts\/23283\/revisions"}],"predecessor-version":[{"id":23285,"href":"https:\/\/www.revistarescatados.com.ar\/web\/wp-json\/wp\/v2\/posts\/23283\/revisions\/23285"}],"wp:featuredmedia":[{"embeddable":true,"href":"https:\/\/www.revistarescatados.com.ar\/web\/wp-json\/wp\/v2\/media\/23284"}],"wp:attachment":[{"href":"https:\/\/www.revistarescatados.com.ar\/web\/wp-json\/wp\/v2\/media?parent=23283"}],"wp:term":[{"taxonomy":"category","embeddable":true,"href":"https:\/\/www.revistarescatados.com.ar\/web\/wp-json\/wp\/v2\/categories?post=23283"},{"taxonomy":"post_tag","embeddable":true,"href":"https:\/\/www.revistarescatados.com.ar\/web\/wp-json\/wp\/v2\/tags?post=23283"}],"curies":[{"name":"wp","href":"https:\/\/api.w.org\/{rel}","templated":true}]}}