{"id":23329,"date":"2025-01-15T13:07:35","date_gmt":"2025-01-15T16:07:35","guid":{"rendered":"https:\/\/www.revistarescatados.com.ar\/web\/?p=23329"},"modified":"2025-01-15T13:08:42","modified_gmt":"2025-01-15T16:08:42","slug":"esta-publicado-el-padron-provisional-para-las-elecciones-de-convencionales-reformadores-y-de-autoridades-locales","status":"publish","type":"post","link":"https:\/\/www.revistarescatados.com.ar\/web\/2025\/01\/15\/esta-publicado-el-padron-provisional-para-las-elecciones-de-convencionales-reformadores-y-de-autoridades-locales\/","title":{"rendered":"Est\u00e1 publicado el Padr\u00f3n Provisional para las elecciones de convencionales reformadores y de autoridades locales"},"content":{"rendered":"<div><\/div>\n<div><\/div>\n<div><\/div>\n<div><\/div>\n<div><strong>Se encuentra disponible en el portal del Gobierno de Santa Fe. Los reclamos se pueden realizar hasta el 28 de enero inclusive. La elecci\u00f3n general de convencionales reformadores de la Constituci\u00f3n y las primarias municipales y comunales se llevar\u00e1n a cabo el 13 de abril de 2025.<\/strong><\/div>\n<div><\/div>\n<div><\/div>\n<div><img loading=\"lazy\" class=\"aligncenter size-large wp-image-4889\" src=\"http:\/\/www.revistarescatados.com.ar\/web\/wp-content\/uploads\/2019\/05\/padron-1024x576.jpg\" alt=\"\" width=\"1024\" height=\"576\" srcset=\"https:\/\/www.revistarescatados.com.ar\/web\/wp-content\/uploads\/2019\/05\/padron-1024x576.jpg 1024w, https:\/\/www.revistarescatados.com.ar\/web\/wp-content\/uploads\/2019\/05\/padron-300x169.jpg 300w, https:\/\/www.revistarescatados.com.ar\/web\/wp-content\/uploads\/2019\/05\/padron-768x432.jpg 768w, https:\/\/www.revistarescatados.com.ar\/web\/wp-content\/uploads\/2019\/05\/padron.jpg 1920w\" sizes=\"(max-width: 1024px) 100vw, 1024px\" \/><\/div>\n<div><\/div>\n<div><\/div>\n<div><\/div>\n<div><\/div>\n<div>La Secretar\u00eda Electoral de la Provincia de Santa Fe public\u00f3 el Padr\u00f3n Provisional de Electores nacionales y extranjeros para las elecciones provinciales, municipales y comunales en la p\u00e1gina web <a href=\"https:\/\/www.santafe.gob.ar\/elecciones2025\/consultaPadronProvisorio\/.\"><strong>https:\/\/www.santafe.gob.ar\/elecciones2025\/consultaPadronProvisorio\/.\u00a0<\/strong><\/a><\/div>\n<div><\/div>\n<div><\/div>\n<div><\/div>\n<div>Las Primarias Abiertas Simult\u00e1neas y Obligatorias (PASO) de autoridades municipales y comunales, y las elecciones generales de convencionales reformadores de la Constituci\u00f3n Provincial se celebrar\u00e1n el 13 de abril del corriente a\u00f1o.<\/div>\n<div><\/div>\n<div><\/div>\n<div><\/div>\n<div>En caso de advertir que no se encuentran inscriptos o detectar inconsistencias, los reclamos se pueden realizar hasta el 28 de enero inclusive mediante formulario electr\u00f3nico disponible en <a href=\"https:\/\/www.padron.gov.ar\/cne_reclamos\/santafe.php\"><strong>https:\/\/www.padron.gov.ar\/cne_reclamos\/santafe.php<\/strong><\/a>, o de manera presencial en dicho organismo.<\/div>\n<div><\/div>\n<div><\/div>\n<div><\/div>\n<div>Asimismo, y en cumplimiento de lo previsto por la ley N\u00b0 11.627, la Secretar\u00eda Electoral remiti\u00f3 copias en papel de los padrones provisionales para su exhibici\u00f3n en municipios y comunas; oficinas de Registro Civil y juzgados comunitarios; y destacamentos policiales.<\/div>\n<div><\/div>\n<div><\/div>\n<div>M\u00e1s informaci\u00f3n en <a href=\"https:\/\/www.santafe.gov.ar\/tribunalelectoral\/.\"><strong>https:\/\/www.santafe.gov.ar\/tribunalelectoral\/.<\/strong><\/a><\/div>\n","protected":false},"excerpt":{"rendered":"<p>Se encuentra disponible en el portal del Gobierno de Santa Fe. Los reclamos se pueden realizar hasta el 28 de enero inclusive. La elecci\u00f3n general de convencionales reformadores de la Constituci\u00f3n y&#46;&#46;&#46;<\/p>\n","protected":false},"author":1,"featured_media":4172,"comment_status":"closed","ping_status":"closed","sticky":false,"template":"","format":"standard","meta":[],"categories":[16,10,12,8],"tags":[],"_links":{"self":[{"href":"https:\/\/www.revistarescatados.com.ar\/web\/wp-json\/wp\/v2\/posts\/23329"}],"collection":[{"href":"https:\/\/www.revistarescatados.com.ar\/web\/wp-json\/wp\/v2\/posts"}],"about":[{"href":"https:\/\/www.revistarescatados.com.ar\/web\/wp-json\/wp\/v2\/types\/post"}],"author":[{"embeddable":true,"href":"https:\/\/www.revistarescatados.com.ar\/web\/wp-json\/wp\/v2\/users\/1"}],"replies":[{"embeddable":true,"href":"https:\/\/www.revistarescatados.com.ar\/web\/wp-json\/wp\/v2\/comments?post=23329"}],"version-history":[{"count":3,"href":"https:\/\/www.revistarescatados.com.ar\/web\/wp-json\/wp\/v2\/posts\/23329\/revisions"}],"predecessor-version":[{"id":23332,"href":"https:\/\/www.revistarescatados.com.ar\/web\/wp-json\/wp\/v2\/posts\/23329\/revisions\/23332"}],"wp:featuredmedia":[{"embeddable":true,"href":"https:\/\/www.revistarescatados.com.ar\/web\/wp-json\/wp\/v2\/media\/4172"}],"wp:attachment":[{"href":"https:\/\/www.revistarescatados.com.ar\/web\/wp-json\/wp\/v2\/media?parent=23329"}],"wp:term":[{"taxonomy":"category","embeddable":true,"href":"https:\/\/www.revistarescatados.com.ar\/web\/wp-json\/wp\/v2\/categories?post=23329"},{"taxonomy":"post_tag","embeddable":true,"href":"https:\/\/www.revistarescatados.com.ar\/web\/wp-json\/wp\/v2\/tags?post=23329"}],"curies":[{"name":"wp","href":"https:\/\/api.w.org\/{rel}","templated":true}]}}