{"id":23340,"date":"2025-01-18T02:19:58","date_gmt":"2025-01-18T05:19:58","guid":{"rendered":"https:\/\/www.revistarescatados.com.ar\/web\/?p=23340"},"modified":"2025-01-18T02:19:58","modified_gmt":"2025-01-18T05:19:58","slug":"borla-y-bastia-visitaron-silva-gobernador-crespo-colonia-dolores-la-criolla-y-vera-y-pintado","status":"publish","type":"post","link":"https:\/\/www.revistarescatados.com.ar\/web\/2025\/01\/18\/borla-y-bastia-visitaron-silva-gobernador-crespo-colonia-dolores-la-criolla-y-vera-y-pintado\/","title":{"rendered":"Borla y Bast\u00eda visitaron Silva, Gobernador Crespo, Colonia Dolores, La Criolla y Vera y Pintado"},"content":{"rendered":"<p>&nbsp;<\/p>\n<p><strong>El Senador Provincial Rodrigo Borla y el Ministro de Gobierno Santafesino, Fabi\u00e1n Bast\u00eda estuvieron presentes en localidades del centro norte del departamento San Justo firmando convenios y realizando aportes para la concreci\u00f3n de diferentes obras y proyectos.<\/strong><\/p>\n<p><img loading=\"lazy\" class=\"aligncenter size-full wp-image-23341\" src=\"http:\/\/www.revistarescatados.com.ar\/web\/wp-content\/uploads\/2025\/01\/recorrida-2.jpg\" alt=\"\" width=\"720\" height=\"540\" srcset=\"https:\/\/www.revistarescatados.com.ar\/web\/wp-content\/uploads\/2025\/01\/recorrida-2.jpg 720w, https:\/\/www.revistarescatados.com.ar\/web\/wp-content\/uploads\/2025\/01\/recorrida-2-300x225.jpg 300w\" sizes=\"(max-width: 720px) 100vw, 720px\" \/><\/p>\n<p>En primer lugar visitaron la localidad de Colonia Silva donde recorrieron la obra de ripiado al acceso a la estaci\u00f3n transformadora de la Empresa Provincial de la Energ\u00eda.<\/p>\n<p>&nbsp;<\/p>\n<p>Luego, Borla y Bast\u00eda, se trasladaron unos kil\u00f3metros m\u00e1s al norte, Gobernador Crespo, donde realizaron un aporte econ\u00f3mico a las autoridades de la Sociedad Rural local, destinado a la finalizaci\u00f3n de obras en el Sal\u00f3n de la entidad.<\/p>\n<p>&nbsp;<\/p>\n<p>Tras ello, se dirigieron hacia el este del departamento San Justo, a la localidad de Colonia Dolores para suscribir un acuerdo para terminar el SUM comunal y visitar la obra de iluminaci\u00f3n de la plaza central.<\/p>\n<p>&nbsp;<\/p>\n<p>El titular del bloque oficialista en el Senador y el titular de la cartera de gobierno retomaron la ruta nacional 11 hacia La Criolla, donde firmaron un convenio para la ampliaci\u00f3n de la Comisar\u00eda S\u00e9ptima.<\/p>\n<p>&nbsp;<\/p>\n<p>Borla y Bast\u00eda terminaron la recorrida en la localidad de Vera y Pintado donde firmaron un convenio con el Museo Hist\u00f3rico local por el cual se realizar\u00e1n los aportes correspondientes para la creaci\u00f3n de un museo a cielo abierto, impulsando as\u00ed el desarrollo cultural de la regi\u00f3n.<\/p>\n<p>&nbsp;<\/p>\n","protected":false},"excerpt":{"rendered":"<p>&nbsp; El Senador Provincial Rodrigo Borla y el Ministro de Gobierno Santafesino, Fabi\u00e1n Bast\u00eda estuvieron presentes en localidades del centro norte del departamento San Justo firmando convenios y realizando aportes para la&#46;&#46;&#46;<\/p>\n","protected":false},"author":1,"featured_media":23341,"comment_status":"closed","ping_status":"closed","sticky":false,"template":"","format":"standard","meta":[],"categories":[4,16,10,13,14],"tags":[],"_links":{"self":[{"href":"https:\/\/www.revistarescatados.com.ar\/web\/wp-json\/wp\/v2\/posts\/23340"}],"collection":[{"href":"https:\/\/www.revistarescatados.com.ar\/web\/wp-json\/wp\/v2\/posts"}],"about":[{"href":"https:\/\/www.revistarescatados.com.ar\/web\/wp-json\/wp\/v2\/types\/post"}],"author":[{"embeddable":true,"href":"https:\/\/www.revistarescatados.com.ar\/web\/wp-json\/wp\/v2\/users\/1"}],"replies":[{"embeddable":true,"href":"https:\/\/www.revistarescatados.com.ar\/web\/wp-json\/wp\/v2\/comments?post=23340"}],"version-history":[{"count":1,"href":"https:\/\/www.revistarescatados.com.ar\/web\/wp-json\/wp\/v2\/posts\/23340\/revisions"}],"predecessor-version":[{"id":23342,"href":"https:\/\/www.revistarescatados.com.ar\/web\/wp-json\/wp\/v2\/posts\/23340\/revisions\/23342"}],"wp:featuredmedia":[{"embeddable":true,"href":"https:\/\/www.revistarescatados.com.ar\/web\/wp-json\/wp\/v2\/media\/23341"}],"wp:attachment":[{"href":"https:\/\/www.revistarescatados.com.ar\/web\/wp-json\/wp\/v2\/media?parent=23340"}],"wp:term":[{"taxonomy":"category","embeddable":true,"href":"https:\/\/www.revistarescatados.com.ar\/web\/wp-json\/wp\/v2\/categories?post=23340"},{"taxonomy":"post_tag","embeddable":true,"href":"https:\/\/www.revistarescatados.com.ar\/web\/wp-json\/wp\/v2\/tags?post=23340"}],"curies":[{"name":"wp","href":"https:\/\/api.w.org\/{rel}","templated":true}]}}