{"id":23407,"date":"2025-01-31T16:33:29","date_gmt":"2025-01-31T19:33:29","guid":{"rendered":"https:\/\/www.revistarescatados.com.ar\/web\/?p=23407"},"modified":"2025-01-31T16:33:29","modified_gmt":"2025-01-31T19:33:29","slug":"policias-salvaron-a-una-bebe-de-8-meses-que-se-habia-atragantado-con-pan-y-no-podia-respirar","status":"publish","type":"post","link":"https:\/\/www.revistarescatados.com.ar\/web\/2025\/01\/31\/policias-salvaron-a-una-bebe-de-8-meses-que-se-habia-atragantado-con-pan-y-no-podia-respirar\/","title":{"rendered":"Polic\u00edas salvaron a una beb\u00e9 de 8 meses que se hab\u00eda atragantado con pan y no pod\u00eda respirar"},"content":{"rendered":"<p><strong>Durante los patrullajes en la zona de Alto Verde, los efectivos fueron solicitados por un grupo de personas que les pidieron ayuda urgente. La madre de la beb\u00e9, visiblemente angustiada, inform\u00f3 que su hija no pod\u00eda respirar.<\/strong><\/p>\n<p><img loading=\"lazy\" class=\"aligncenter size-full wp-image-23408\" src=\"http:\/\/www.revistarescatados.com.ar\/web\/wp-content\/uploads\/2025\/01\/bebe-atragantada.jpg\" alt=\"\" width=\"900\" height=\"600\" srcset=\"https:\/\/www.revistarescatados.com.ar\/web\/wp-content\/uploads\/2025\/01\/bebe-atragantada.jpg 900w, https:\/\/www.revistarescatados.com.ar\/web\/wp-content\/uploads\/2025\/01\/bebe-atragantada-300x200.jpg 300w, https:\/\/www.revistarescatados.com.ar\/web\/wp-content\/uploads\/2025\/01\/bebe-atragantada-768x512.jpg 768w\" sizes=\"(max-width: 900px) 100vw, 900px\" \/><\/p>\n<p>Ayer, personal de la Direcci\u00f3n General de la Polic\u00eda de Investigaciones (PDI), dependiente del Ministerio de Justicia y Seguridad de Santa Fe, intervino en una situaci\u00f3n de emergencia en el barrio Alto Verde, donde lograron salvar la vida de una beb\u00e9 de 8 meses que no pod\u00eda respirar.<\/p>\n<p>Durante los patrullajes en la zona, los efectivos fueron solicitados por un grupo de personas que les pidieron ayuda urgente. La madre de la beb\u00e9, visiblemente angustiada, inform\u00f3 que su hija no pod\u00eda respirar.<\/p>\n<p>Ante la gravedad de la situaci\u00f3n, los agentes indicaron a la madre que subiera al m\u00f3vil policial y trasladaron de manera urgente a la menor. Durante el trayecto, uno de los efectivos tom\u00f3 a la beb\u00e9 en brazos y realiz\u00f3 maniobras de Heimlich, logrando que comenzara a respirar nuevamente.<\/p>\n<p>La beb\u00e9, llamada Valentina, fue r\u00e1pidamente trasladada al dispensario del Barrio Alto Verde, donde recibi\u00f3 atenci\u00f3n m\u00e9dica inmediata. La Dra. Zanon, pediatra de guardia, confirm\u00f3 que lograron desobstruir las v\u00edas respiratorias de la menor, quien ten\u00eda un trozo de pan atorado en la garganta. La beb\u00e9 qued\u00f3 en observaci\u00f3n para su control.<\/p>\n","protected":false},"excerpt":{"rendered":"<p>Durante los patrullajes en la zona de Alto Verde, los efectivos fueron solicitados por un grupo de personas que les pidieron ayuda urgente. La madre de la beb\u00e9, visiblemente angustiada, inform\u00f3 que&#46;&#46;&#46;<\/p>\n","protected":false},"author":1,"featured_media":23408,"comment_status":"closed","ping_status":"closed","sticky":false,"template":"","format":"standard","meta":[],"categories":[16,10,11,9],"tags":[],"_links":{"self":[{"href":"https:\/\/www.revistarescatados.com.ar\/web\/wp-json\/wp\/v2\/posts\/23407"}],"collection":[{"href":"https:\/\/www.revistarescatados.com.ar\/web\/wp-json\/wp\/v2\/posts"}],"about":[{"href":"https:\/\/www.revistarescatados.com.ar\/web\/wp-json\/wp\/v2\/types\/post"}],"author":[{"embeddable":true,"href":"https:\/\/www.revistarescatados.com.ar\/web\/wp-json\/wp\/v2\/users\/1"}],"replies":[{"embeddable":true,"href":"https:\/\/www.revistarescatados.com.ar\/web\/wp-json\/wp\/v2\/comments?post=23407"}],"version-history":[{"count":1,"href":"https:\/\/www.revistarescatados.com.ar\/web\/wp-json\/wp\/v2\/posts\/23407\/revisions"}],"predecessor-version":[{"id":23409,"href":"https:\/\/www.revistarescatados.com.ar\/web\/wp-json\/wp\/v2\/posts\/23407\/revisions\/23409"}],"wp:featuredmedia":[{"embeddable":true,"href":"https:\/\/www.revistarescatados.com.ar\/web\/wp-json\/wp\/v2\/media\/23408"}],"wp:attachment":[{"href":"https:\/\/www.revistarescatados.com.ar\/web\/wp-json\/wp\/v2\/media?parent=23407"}],"wp:term":[{"taxonomy":"category","embeddable":true,"href":"https:\/\/www.revistarescatados.com.ar\/web\/wp-json\/wp\/v2\/categories?post=23407"},{"taxonomy":"post_tag","embeddable":true,"href":"https:\/\/www.revistarescatados.com.ar\/web\/wp-json\/wp\/v2\/tags?post=23407"}],"curies":[{"name":"wp","href":"https:\/\/api.w.org\/{rel}","templated":true}]}}