{"id":23485,"date":"2025-02-17T21:36:27","date_gmt":"2025-02-18T00:36:27","guid":{"rendered":"https:\/\/www.revistarescatados.com.ar\/web\/?p=23485"},"modified":"2025-02-17T21:36:37","modified_gmt":"2025-02-18T00:36:37","slug":"se-creo-la-brigada-motorizada-en-san-justo","status":"publish","type":"post","link":"https:\/\/www.revistarescatados.com.ar\/web\/2025\/02\/17\/se-creo-la-brigada-motorizada-en-san-justo\/","title":{"rendered":"Se cre\u00f3 la brigada motorizada en San Justo"},"content":{"rendered":"<p>&nbsp;<\/p>\n<p><strong>El Senador Provincial por el Departamento San Justo, Rodrigo Borla, encabez\u00f3 el pasado viernes junto a funcionarios de la cartera de seguridad y justicia de la provincia una nueva entrega de m\u00f3viles para la Unidad Regional XVI de Polic\u00eda. Adem\u00e1s el gobernador Maximiliano Pullaro inaugur\u00f3 el nuevo edificio del Jard\u00edn de Infantes N\u00b0 220 \u201cRosa Juana Bocca\u201d.<\/strong><\/p>\n<p><img loading=\"lazy\" class=\"aligncenter size-full wp-image-23486\" src=\"http:\/\/www.revistarescatados.com.ar\/web\/wp-content\/uploads\/2025\/02\/moviles-2.jpg\" alt=\"\" width=\"720\" height=\"720\" srcset=\"https:\/\/www.revistarescatados.com.ar\/web\/wp-content\/uploads\/2025\/02\/moviles-2.jpg 720w, https:\/\/www.revistarescatados.com.ar\/web\/wp-content\/uploads\/2025\/02\/moviles-2-300x300.jpg 300w, https:\/\/www.revistarescatados.com.ar\/web\/wp-content\/uploads\/2025\/02\/moviles-2-150x150.jpg 150w, https:\/\/www.revistarescatados.com.ar\/web\/wp-content\/uploads\/2025\/02\/moviles-2-80x80.jpg 80w, https:\/\/www.revistarescatados.com.ar\/web\/wp-content\/uploads\/2025\/02\/moviles-2-320x320.jpg 320w\" sizes=\"(max-width: 720px) 100vw, 720px\" \/><\/p>\n<p>El acto se dio en el marco del 143\u00aa aniversario de la puesta en funcionamiento de la instituci\u00f3n policial que brinda servicio en las 19 jurisdicciones con las que cuenta el departamento San Justo.<\/p>\n<p>&nbsp;<\/p>\n<p>En esta oportunidad, se llev\u00f3 a cabo la entrega de nuevos m\u00f3viles policiales para patrullaje; se trata de dos veh\u00edculos cero kil\u00f3metro y tres motocicletas que se suman a las que ya cuenta el comando radioel\u00e9ctrico pero que desde ahora todas comenzar\u00e1n a prestar servicio en lo que se denomina la brigada motorizada.<\/p>\n<p>&nbsp;<\/p>\n<p>Por ello, el Senador Rodrigo Borla agradeci\u00f3\u2026\u201ca cada uno de los polic\u00edas que trabajan con todo su compromiso y responsabilidad por la comunidad y al Gobierno de la provincia por desplegar sus programas y equipamientos en todo el territorio\u201d&#8230;<\/p>\n<p>&nbsp;<\/p>\n<p>Por \u00faltimo, el actual presidente del bloque oficialista en la C\u00e1mara Alta de la legislatura santafesinas record\u00f3 que\u2026\u201ccon esta entrega superamos los 20 nuevos veh\u00edculos en menos de un a\u00f1o, entre motos y autos y dentro del a\u00f1o en curso se van a entregar las camionetas, 4&#215;2 y 4&#215;4, que ya se han comprado\u201d\u2026<\/p>\n<p><img loading=\"lazy\" class=\"aligncenter size-large wp-image-23487\" src=\"http:\/\/www.revistarescatados.com.ar\/web\/wp-content\/uploads\/2025\/02\/nuevo-jardin-1024x768.jpg\" alt=\"\" width=\"1024\" height=\"768\" srcset=\"https:\/\/www.revistarescatados.com.ar\/web\/wp-content\/uploads\/2025\/02\/nuevo-jardin-1024x768.jpg 1024w, https:\/\/www.revistarescatados.com.ar\/web\/wp-content\/uploads\/2025\/02\/nuevo-jardin-300x225.jpg 300w, https:\/\/www.revistarescatados.com.ar\/web\/wp-content\/uploads\/2025\/02\/nuevo-jardin-768x576.jpg 768w, https:\/\/www.revistarescatados.com.ar\/web\/wp-content\/uploads\/2025\/02\/nuevo-jardin-1536x1152.jpg 1536w, https:\/\/www.revistarescatados.com.ar\/web\/wp-content\/uploads\/2025\/02\/nuevo-jardin-2048x1536.jpg 2048w\" sizes=\"(max-width: 1024px) 100vw, 1024px\" \/><\/p>\n<p><strong>BORLA DESTAC\u00d3 LA PRESENCIA DE PULLARO Y SUS MINISTROS EN LA INAUGURACI\u00d3N DEL EDIFICIO DEL JARD\u00cdN 220 DE SAN JUSTO.<\/strong><\/p>\n<p>&nbsp;<\/p>\n<p>&nbsp;<\/p>\n<p>El Senador Provincial Rodrigo Borla recibi\u00f3\u00a0 en San Justo al Gobernador Maximiliano Pullaro y a sus Ministros, de Gobierno Fabi\u00e1n Bast\u00eda, de Econom\u00eda, Pablo Olivares y de Educaci\u00f3n, Jos\u00e9 Goity y todo su equipo, adem\u00e1s de las autoridades del medio local y departamental, entre otras.<\/p>\n<p>&nbsp;<\/p>\n<p>Es que con la presencia del personal docente y no docente, ni\u00f1as y ni\u00f1os junto a sus familias, vecinos de la zona se inaugur\u00f3 el nuevo edificio del Jard\u00edn de Infantes N\u00b0 220 \u201cRosa Juana Bocca\u201d en el sector sur este del enorme predio ubicado en el acceso sur de la ciudad de San Justo donde se encuentran las instalaciones de la Escuela Normal Superior Rep\u00fablica de M\u00e9xico por la ma\u00f1ana y la Escuela de Comercio en horario vespertino.<\/p>\n<p>&nbsp;<\/p>\n<p>\u2026\u201cquiero agradecerle al Gobernador, a todo su equipo, a sus ministros, a sus secretarios, a la empresa que construy\u00f3 este edificio que tambi\u00e9n trabaj\u00f3 mucho, a los docentes, a los no docentes. Quiero recordar tambi\u00e9n a Emilce Grosso que estuvo mucho tiempo a cargo de la direcci\u00f3n y que desgraciadamente falleci\u00f3 hace un tiempo atr\u00e1s. Reci\u00e9n acabo de ver que est\u00e1 su sobrina y su hermana, que nos acompa\u00f1aron\u201d\u2026, expres\u00f3 Borla con gran emoci\u00f3n.<\/p>\n<p>&nbsp;<\/p>\n<p>El Senador por San Justo tambi\u00e9n destac\u00f3 la\u2026\u201csatisfacci\u00f3n de que los chicos comiencen este a\u00f1o el ciclo lectivo ya en el nuevo jard\u00edn, Rosa Juana Bocca, que era el viejo jard\u00edn de la escuela, le dec\u00edamos el jard\u00edn en la escuela normal. Este jard\u00edn fue el que fui yo, luego se independiz\u00f3 y pas\u00f3 a llamarse Rosa Juana Bocca\u201d&#8230;, cerr\u00f3 a modo de un breve repaso de la historia de esa instituci\u00f3n educativa que desde este a\u00f1o ya cuenta con su tan ansiado edificio propio en la Ciudad de San Justo.<\/p>\n","protected":false},"excerpt":{"rendered":"<p>&nbsp; El Senador Provincial por el Departamento San Justo, Rodrigo Borla, encabez\u00f3 el pasado viernes junto a funcionarios de la cartera de seguridad y justicia de la provincia una nueva entrega de&#46;&#46;&#46;<\/p>\n","protected":false},"author":1,"featured_media":23486,"comment_status":"closed","ping_status":"closed","sticky":false,"template":"","format":"standard","meta":[],"categories":[4,16,15,10,11],"tags":[],"_links":{"self":[{"href":"https:\/\/www.revistarescatados.com.ar\/web\/wp-json\/wp\/v2\/posts\/23485"}],"collection":[{"href":"https:\/\/www.revistarescatados.com.ar\/web\/wp-json\/wp\/v2\/posts"}],"about":[{"href":"https:\/\/www.revistarescatados.com.ar\/web\/wp-json\/wp\/v2\/types\/post"}],"author":[{"embeddable":true,"href":"https:\/\/www.revistarescatados.com.ar\/web\/wp-json\/wp\/v2\/users\/1"}],"replies":[{"embeddable":true,"href":"https:\/\/www.revistarescatados.com.ar\/web\/wp-json\/wp\/v2\/comments?post=23485"}],"version-history":[{"count":2,"href":"https:\/\/www.revistarescatados.com.ar\/web\/wp-json\/wp\/v2\/posts\/23485\/revisions"}],"predecessor-version":[{"id":23489,"href":"https:\/\/www.revistarescatados.com.ar\/web\/wp-json\/wp\/v2\/posts\/23485\/revisions\/23489"}],"wp:featuredmedia":[{"embeddable":true,"href":"https:\/\/www.revistarescatados.com.ar\/web\/wp-json\/wp\/v2\/media\/23486"}],"wp:attachment":[{"href":"https:\/\/www.revistarescatados.com.ar\/web\/wp-json\/wp\/v2\/media?parent=23485"}],"wp:term":[{"taxonomy":"category","embeddable":true,"href":"https:\/\/www.revistarescatados.com.ar\/web\/wp-json\/wp\/v2\/categories?post=23485"},{"taxonomy":"post_tag","embeddable":true,"href":"https:\/\/www.revistarescatados.com.ar\/web\/wp-json\/wp\/v2\/tags?post=23485"}],"curies":[{"name":"wp","href":"https:\/\/api.w.org\/{rel}","templated":true}]}}