{"id":23490,"date":"2025-02-17T21:39:41","date_gmt":"2025-02-18T00:39:41","guid":{"rendered":"https:\/\/www.revistarescatados.com.ar\/web\/?p=23490"},"modified":"2025-02-17T21:39:41","modified_gmt":"2025-02-18T00:39:41","slug":"dionisio-scarpin-solicito-que-el-proximo-integrante-de-la-corte-suprema-de-justicia-sea-del-norte-santafesino","status":"publish","type":"post","link":"https:\/\/www.revistarescatados.com.ar\/web\/2025\/02\/17\/dionisio-scarpin-solicito-que-el-proximo-integrante-de-la-corte-suprema-de-justicia-sea-del-norte-santafesino\/","title":{"rendered":"Dionisio Scarpin solicit\u00f3 que el pr\u00f3ximo integrante de la Corte Suprema de Justicia sea del norte santafesino"},"content":{"rendered":"<p>&nbsp;<\/p>\n<p><strong>En la Asamblea Legislativa del pasado jueves, el diputado provincial expres\u00f3 la necesidad de que el norte de Santa Fe est\u00e9 representado en el m\u00e1ximo tribunal de Justicia. \u201cEs esencial que el interior de la provincia tenga voz en la Corte, porque el norte tiene una econom\u00eda, idiosincrasia y una cultura diferente al resto de la provincia que debe estar representada en las decisiones m\u00e1s importantes\u201d, afirm\u00f3.<\/strong><\/p>\n<p><img loading=\"lazy\" class=\"aligncenter size-large wp-image-22911\" src=\"http:\/\/www.revistarescatados.com.ar\/web\/wp-content\/uploads\/2024\/10\/Foto-Scarpin-1024x683.jpg\" alt=\"\" width=\"1024\" height=\"683\" srcset=\"https:\/\/www.revistarescatados.com.ar\/web\/wp-content\/uploads\/2024\/10\/Foto-Scarpin-1024x683.jpg 1024w, https:\/\/www.revistarescatados.com.ar\/web\/wp-content\/uploads\/2024\/10\/Foto-Scarpin-300x200.jpg 300w, https:\/\/www.revistarescatados.com.ar\/web\/wp-content\/uploads\/2024\/10\/Foto-Scarpin-768x512.jpg 768w, https:\/\/www.revistarescatados.com.ar\/web\/wp-content\/uploads\/2024\/10\/Foto-Scarpin.jpg 1248w\" sizes=\"(max-width: 1024px) 100vw, 1024px\" \/><\/p>\n<p>Durante el debate por la aprobaci\u00f3n de los pliegos de tres nuevos jueces de la Corte Suprema de Justicia, Dionisio Scarpin resalt\u00f3 la relevancia de una representaci\u00f3n de la regi\u00f3n norte en el tribunal. \u201cLa Corte anterior contaba con cuatro miembros de Rosario y dos de Santa Fe. Con esta nueva composici\u00f3n, habr\u00e1 cuatro de Rosario y tres de la regi\u00f3n centro, pero nuevamente el norte de la provincia queda excluido. Es una regi\u00f3n con caracter\u00edsticas econ\u00f3micas, sociales, culturales y ambientales \u00fanicas que deben estar presentes en las decisiones m\u00e1s importantes de la Justicia\u201d, expres\u00f3 el legislador.<\/p>\n<p>Asimismo, Dionisio Scarpin record\u00f3 que la Legislatura sancion\u00f3 leyes claves, como la reforma de la Ley Org\u00e1nica del Poder Judicial, que promueve el reflejo de la \u201cdiversa procedencia regional\u201d en la composici\u00f3n de la Corte y la Ley de necesidad de la Reforma de la Constituci\u00f3n donde se impulsa \u201cla representaci\u00f3n regional de procedencia diversa\u201d. \u201cComo ciudadano del norte conozco de cerca las particularidades de los seis departamentos que lo componen. Esta regi\u00f3n no solo necesita, sino que merece tener una voz en el m\u00e1ximo tribunal. La representaci\u00f3n que solicitamos es una necesidad que busca visibilizar y proteger los intereses de nuestra gente\u201d, afirm\u00f3.<\/p>\n<p>Adem\u00e1s, el diputado provincial destac\u00f3 la importancia de esta representaci\u00f3n para reforzar la confianza de los ciudadanos del norte en las instituciones judiciales. \u201cUn miembro de la Corte proveniente del norte garantizar\u00eda que las problem\u00e1ticas espec\u00edficas de nuestra regi\u00f3n sean consideradas en las decisiones m\u00e1s trascendentales. No se trata solo de equilibrio, sino de construir una Justicia inclusiva y cercana a las realidades de todos los santafesinos\u201d, concluy\u00f3.<\/p>\n","protected":false},"excerpt":{"rendered":"<p>&nbsp; En la Asamblea Legislativa del pasado jueves, el diputado provincial expres\u00f3 la necesidad de que el norte de Santa Fe est\u00e9 representado en el m\u00e1ximo tribunal de Justicia. \u201cEs esencial que&#46;&#46;&#46;<\/p>\n","protected":false},"author":1,"featured_media":22911,"comment_status":"closed","ping_status":"closed","sticky":false,"template":"","format":"standard","meta":[],"categories":[16,10,13,8],"tags":[],"_links":{"self":[{"href":"https:\/\/www.revistarescatados.com.ar\/web\/wp-json\/wp\/v2\/posts\/23490"}],"collection":[{"href":"https:\/\/www.revistarescatados.com.ar\/web\/wp-json\/wp\/v2\/posts"}],"about":[{"href":"https:\/\/www.revistarescatados.com.ar\/web\/wp-json\/wp\/v2\/types\/post"}],"author":[{"embeddable":true,"href":"https:\/\/www.revistarescatados.com.ar\/web\/wp-json\/wp\/v2\/users\/1"}],"replies":[{"embeddable":true,"href":"https:\/\/www.revistarescatados.com.ar\/web\/wp-json\/wp\/v2\/comments?post=23490"}],"version-history":[{"count":1,"href":"https:\/\/www.revistarescatados.com.ar\/web\/wp-json\/wp\/v2\/posts\/23490\/revisions"}],"predecessor-version":[{"id":23491,"href":"https:\/\/www.revistarescatados.com.ar\/web\/wp-json\/wp\/v2\/posts\/23490\/revisions\/23491"}],"wp:featuredmedia":[{"embeddable":true,"href":"https:\/\/www.revistarescatados.com.ar\/web\/wp-json\/wp\/v2\/media\/22911"}],"wp:attachment":[{"href":"https:\/\/www.revistarescatados.com.ar\/web\/wp-json\/wp\/v2\/media?parent=23490"}],"wp:term":[{"taxonomy":"category","embeddable":true,"href":"https:\/\/www.revistarescatados.com.ar\/web\/wp-json\/wp\/v2\/categories?post=23490"},{"taxonomy":"post_tag","embeddable":true,"href":"https:\/\/www.revistarescatados.com.ar\/web\/wp-json\/wp\/v2\/tags?post=23490"}],"curies":[{"name":"wp","href":"https:\/\/api.w.org\/{rel}","templated":true}]}}