{"id":23497,"date":"2025-02-21T20:09:45","date_gmt":"2025-02-21T23:09:45","guid":{"rendered":"https:\/\/www.revistarescatados.com.ar\/web\/?p=23497"},"modified":"2025-02-21T20:09:45","modified_gmt":"2025-02-21T23:09:45","slug":"escuelas-del-departamento-san-justo-reciben-fondos-para-obras-y-equipamiento","status":"publish","type":"post","link":"https:\/\/www.revistarescatados.com.ar\/web\/2025\/02\/21\/escuelas-del-departamento-san-justo-reciben-fondos-para-obras-y-equipamiento\/","title":{"rendered":"Escuelas del departamento San Justo reciben fondos para obras y equipamiento"},"content":{"rendered":"<p><strong>As\u00ed lo anunci\u00f3 el Senador Provincial Rodrigo Borla qui\u00e9n ya estuvo presente en las \u00faltimas horas en uno de ellos. Son tres en total los establecimientos educativos beneficiados en esta oportunidad y que se encuentran ubicados en el centro norte del departamento San Justo.<\/strong><\/p>\n<p><img loading=\"lazy\" class=\"aligncenter size-large wp-image-23499\" src=\"http:\/\/www.revistarescatados.com.ar\/web\/wp-content\/uploads\/2025\/02\/FANI-CRESPO-1024x768.jpg\" alt=\"\" width=\"1024\" height=\"768\" srcset=\"https:\/\/www.revistarescatados.com.ar\/web\/wp-content\/uploads\/2025\/02\/FANI-CRESPO-1024x768.jpg 1024w, https:\/\/www.revistarescatados.com.ar\/web\/wp-content\/uploads\/2025\/02\/FANI-CRESPO-300x225.jpg 300w, https:\/\/www.revistarescatados.com.ar\/web\/wp-content\/uploads\/2025\/02\/FANI-CRESPO-768x576.jpg 768w, https:\/\/www.revistarescatados.com.ar\/web\/wp-content\/uploads\/2025\/02\/FANI-CRESPO.jpg 1200w\" sizes=\"(max-width: 1024px) 100vw, 1024px\" \/><\/p>\n<p>La escuela primera N\u00b0 1126 \u201cNi\u00f1o Jes\u00fas\u201d de la localidad de Gobernador Crespo; la E.E.S.O N\u00b0 311 \u201cFray Buenaventura Giuliani\u201d, de la localidad de La Criolla y la escuela primaria N\u00b0 855 \u201cNegro Falucho\u201d de la zona rural del paraje La Negra son las instituciones educativas que recibieron por parte del Senador Rodrigo Borlas los Fondos para la Atenci\u00f3n de Necesidades Inmediatas que se detallan a continuaci\u00f3n:<\/p>\n<p>&nbsp;<\/p>\n<p>&#8211; Escuela Primaria N\u00b0 1126 \u201cNi\u00f1o Jes\u00fas\u201d de la localidad de Gobernador Crespo: aporte de $13.220.175 destinado al arreglo de aula taller; nuevo piso exterior y zinguer\u00eda.<\/p>\n<p>&nbsp;<\/p>\n<p>&#8211; E.S.O N\u00b0 311 \u201cFray Buenaventura Giuliani\u201d, de la localidad de La Criolla: aporte de $1.998.663 para la adquisici\u00f3n y colocaci\u00f3n de un equipo de aire acondicionado Split de 8000W.<\/p>\n<p>&nbsp;<\/p>\n<p>&#8211; Escuela primaria N\u00b0 855 \u201cNegro Falucho\u201d de la zona rural del paraje La Negra: $ 8.855.000 destinado a refacci\u00f3n de paredes; hidrolavado e impermeabilizaci\u00f3n de la totalidad de las paredes exteriores del edificio escolar.<\/p>\n<p>&nbsp;<\/p>\n","protected":false},"excerpt":{"rendered":"<p>As\u00ed lo anunci\u00f3 el Senador Provincial Rodrigo Borla qui\u00e9n ya estuvo presente en las \u00faltimas horas en uno de ellos. Son tres en total los establecimientos educativos beneficiados en esta oportunidad y&#46;&#46;&#46;<\/p>\n","protected":false},"author":1,"featured_media":23499,"comment_status":"closed","ping_status":"closed","sticky":false,"template":"","format":"standard","meta":[],"categories":[4,16,15,10],"tags":[],"_links":{"self":[{"href":"https:\/\/www.revistarescatados.com.ar\/web\/wp-json\/wp\/v2\/posts\/23497"}],"collection":[{"href":"https:\/\/www.revistarescatados.com.ar\/web\/wp-json\/wp\/v2\/posts"}],"about":[{"href":"https:\/\/www.revistarescatados.com.ar\/web\/wp-json\/wp\/v2\/types\/post"}],"author":[{"embeddable":true,"href":"https:\/\/www.revistarescatados.com.ar\/web\/wp-json\/wp\/v2\/users\/1"}],"replies":[{"embeddable":true,"href":"https:\/\/www.revistarescatados.com.ar\/web\/wp-json\/wp\/v2\/comments?post=23497"}],"version-history":[{"count":1,"href":"https:\/\/www.revistarescatados.com.ar\/web\/wp-json\/wp\/v2\/posts\/23497\/revisions"}],"predecessor-version":[{"id":23500,"href":"https:\/\/www.revistarescatados.com.ar\/web\/wp-json\/wp\/v2\/posts\/23497\/revisions\/23500"}],"wp:featuredmedia":[{"embeddable":true,"href":"https:\/\/www.revistarescatados.com.ar\/web\/wp-json\/wp\/v2\/media\/23499"}],"wp:attachment":[{"href":"https:\/\/www.revistarescatados.com.ar\/web\/wp-json\/wp\/v2\/media?parent=23497"}],"wp:term":[{"taxonomy":"category","embeddable":true,"href":"https:\/\/www.revistarescatados.com.ar\/web\/wp-json\/wp\/v2\/categories?post=23497"},{"taxonomy":"post_tag","embeddable":true,"href":"https:\/\/www.revistarescatados.com.ar\/web\/wp-json\/wp\/v2\/tags?post=23497"}],"curies":[{"name":"wp","href":"https:\/\/api.w.org\/{rel}","templated":true}]}}