{"id":23571,"date":"2025-03-04T16:21:40","date_gmt":"2025-03-04T19:21:40","guid":{"rendered":"https:\/\/www.revistarescatados.com.ar\/web\/?p=23571"},"modified":"2025-03-04T16:21:40","modified_gmt":"2025-03-04T19:21:40","slug":"malabrigo-avanza-con-la-reforma-integral-de-calle-juan-manuel-de-rosas","status":"publish","type":"post","link":"https:\/\/www.revistarescatados.com.ar\/web\/2025\/03\/04\/malabrigo-avanza-con-la-reforma-integral-de-calle-juan-manuel-de-rosas\/","title":{"rendered":"Malabrigo avanza con la reforma integral de calle Juan Manuel de Rosas"},"content":{"rendered":"<div><\/div>\n<div><\/div>\n<div><\/div>\n<div><\/div>\n<div><strong>Se trata de una primera etapa de intervenciones financiadas con fondos del Programa de Obras Urbanas. La inversi\u00f3n provincial supera los $145 millones..<\/strong><\/div>\n<div><img loading=\"lazy\" class=\"aligncenter size-large wp-image-23572\" src=\"http:\/\/www.revistarescatados.com.ar\/web\/wp-content\/uploads\/2025\/03\/Calle-Malabrigo-1024x576.jpg\" alt=\"\" width=\"1024\" height=\"576\" srcset=\"https:\/\/www.revistarescatados.com.ar\/web\/wp-content\/uploads\/2025\/03\/Calle-Malabrigo-1024x576.jpg 1024w, https:\/\/www.revistarescatados.com.ar\/web\/wp-content\/uploads\/2025\/03\/Calle-Malabrigo-300x169.jpg 300w, https:\/\/www.revistarescatados.com.ar\/web\/wp-content\/uploads\/2025\/03\/Calle-Malabrigo-768x432.jpg 768w, https:\/\/www.revistarescatados.com.ar\/web\/wp-content\/uploads\/2025\/03\/Calle-Malabrigo-1536x864.jpg 1536w, https:\/\/www.revistarescatados.com.ar\/web\/wp-content\/uploads\/2025\/03\/Calle-Malabrigo.jpg 1600w\" sizes=\"(max-width: 1024px) 100vw, 1024px\" \/><\/div>\n<div>En el marco del Programa de Obras Urbanas (POU) que desarrolla el Ministerio de Obras P\u00fablicas en todo el territorio provincial, Malabrigo (departamento General Obligado) desarrolla la primera etapa para la reforma integral de calle Juan Manuel de Rosas, entre avenida 18 de Junio y Ruta Nacional N\u00ba 11. La inversi\u00f3n del gobierno provincial es de $145.092.287.<\/div>\n<div>Sobre la importancia del programa provincial, el ministro de Obras P\u00fablicas, Lisandro Enrico, manifest\u00f3 que \u201cel POU es un programa prioritario para nuestra gesti\u00f3n, un plan que impuls\u00f3 el gobernador Maximiliano Pullaro para llegar con obras urbanas a cada localidad, pensado para comenzar y finalizar las obras que cada municipio y comuna desea, y que no puede ejecutar con recursos propios\u201d.<\/div>\n<div><\/div>\n<div>La reforma integral de unos 400 metros de extensi\u00f3n de la calle Juan Manuel de Rosas en Malabrigo, contempla la repavimentaci\u00f3n de calzado con bocacalles y accesos; canalizaci\u00f3n de desag\u00fces pluviales para mejorar el escurrimiento de agua y evitar anegamientos en vivienda; y la renovaci\u00f3n del alumbrado p\u00fablico, sumando iluminaci\u00f3n con tecnolog\u00eda LED.<\/div>\n<div>Adem\u00e1s, se est\u00e1n construyendo nuevos senderos peatonales, se incorporan nuevos ejemplares para fortalecer el arbolado p\u00fablico, y se desarrollan tareas para la se\u00f1alizaci\u00f3n vial y mandapeatones.<\/div>\n<div><\/div>\n<div>\u201cSi bien restan trabajos menores, hoy estamos sumando 400 metros de repavimentaci\u00f3n e iluminaci\u00f3n LED en una arteria importante, donde pronto comenzaremos con la segunda etapa que llegar\u00e1 con pavimentaci\u00f3n hasta la Ruta 11\u201d, ampli\u00f3 el ministro.<\/div>\n<div><\/div>\n<div>Por su parte, el intendente de Malabrigo, Roberto Spont\u00f3n, destac\u00f3 la importancia de esta obra y dijo que \u201cestamos mejorando la seguridad vial y la\u00a0 transitabilidad de una calle que es utilizada por muchas personas, trabajadores, productores, estudiantes, que necesitan llegar a su destino\u201d.<\/div>\n<div><\/div>\n<div>\u201cEs un placer poder trabajar de manera conjunta con el gobernador Pullaro y el ministro Enrico, que apuestan por la obra p\u00fablica en cada municipio y comuna de la Invencible\u201d, agradeci\u00f3 Spont\u00f3n.<\/div>\n<div><\/div>\n","protected":false},"excerpt":{"rendered":"<p>Se trata de una primera etapa de intervenciones financiadas con fondos del Programa de Obras Urbanas. La inversi\u00f3n provincial supera los $145 millones.. En el marco del Programa de Obras Urbanas (POU)&#46;&#46;&#46;<\/p>\n","protected":false},"author":1,"featured_media":23572,"comment_status":"closed","ping_status":"closed","sticky":false,"template":"","format":"standard","meta":[],"categories":[6,16,10,14,8],"tags":[],"_links":{"self":[{"href":"https:\/\/www.revistarescatados.com.ar\/web\/wp-json\/wp\/v2\/posts\/23571"}],"collection":[{"href":"https:\/\/www.revistarescatados.com.ar\/web\/wp-json\/wp\/v2\/posts"}],"about":[{"href":"https:\/\/www.revistarescatados.com.ar\/web\/wp-json\/wp\/v2\/types\/post"}],"author":[{"embeddable":true,"href":"https:\/\/www.revistarescatados.com.ar\/web\/wp-json\/wp\/v2\/users\/1"}],"replies":[{"embeddable":true,"href":"https:\/\/www.revistarescatados.com.ar\/web\/wp-json\/wp\/v2\/comments?post=23571"}],"version-history":[{"count":1,"href":"https:\/\/www.revistarescatados.com.ar\/web\/wp-json\/wp\/v2\/posts\/23571\/revisions"}],"predecessor-version":[{"id":23573,"href":"https:\/\/www.revistarescatados.com.ar\/web\/wp-json\/wp\/v2\/posts\/23571\/revisions\/23573"}],"wp:featuredmedia":[{"embeddable":true,"href":"https:\/\/www.revistarescatados.com.ar\/web\/wp-json\/wp\/v2\/media\/23572"}],"wp:attachment":[{"href":"https:\/\/www.revistarescatados.com.ar\/web\/wp-json\/wp\/v2\/media?parent=23571"}],"wp:term":[{"taxonomy":"category","embeddable":true,"href":"https:\/\/www.revistarescatados.com.ar\/web\/wp-json\/wp\/v2\/categories?post=23571"},{"taxonomy":"post_tag","embeddable":true,"href":"https:\/\/www.revistarescatados.com.ar\/web\/wp-json\/wp\/v2\/tags?post=23571"}],"curies":[{"name":"wp","href":"https:\/\/api.w.org\/{rel}","templated":true}]}}