{"id":23608,"date":"2025-03-07T21:28:01","date_gmt":"2025-03-08T00:28:01","guid":{"rendered":"https:\/\/www.revistarescatados.com.ar\/web\/?p=23608"},"modified":"2025-03-07T21:28:01","modified_gmt":"2025-03-08T00:28:01","slug":"el-lunes-se-licitan-las-obras-en-el-samco-san-justo","status":"publish","type":"post","link":"https:\/\/www.revistarescatados.com.ar\/web\/2025\/03\/07\/el-lunes-se-licitan-las-obras-en-el-samco-san-justo\/","title":{"rendered":"El lunes se licitan las obras en el Samco San Justo"},"content":{"rendered":"<p>.<\/p>\n<p>&nbsp;<\/p>\n<p><strong>El Senador Provincial Rodrigo Borla confirm\u00f3 que, tal cual lo establece el pliego, ese d\u00eda se abrir\u00e1n los sobres para conocer las ofertas para realizar las obras estimadas en m\u00e1s de 116 millones de pesos. Tambi\u00e9n adelant\u00f3 que la pr\u00f3xima semana habr\u00e1 otra licitaci\u00f3n por 15 millones de pesos para compra de insumos.<\/strong><\/p>\n<p><img loading=\"lazy\" class=\"aligncenter size-full wp-image-23609\" src=\"http:\/\/www.revistarescatados.com.ar\/web\/wp-content\/uploads\/2025\/03\/obras-samco-1.jpg\" alt=\"\" width=\"800\" height=\"600\" srcset=\"https:\/\/www.revistarescatados.com.ar\/web\/wp-content\/uploads\/2025\/03\/obras-samco-1.jpg 800w, https:\/\/www.revistarescatados.com.ar\/web\/wp-content\/uploads\/2025\/03\/obras-samco-1-300x225.jpg 300w, https:\/\/www.revistarescatados.com.ar\/web\/wp-content\/uploads\/2025\/03\/obras-samco-1-768x576.jpg 768w\" sizes=\"(max-width: 800px) 100vw, 800px\" \/><\/p>\n<p>El lunes 10 de marzo a las 19 horas en las instalaciones del principal efector de Salud P\u00fablica de la ciudad y el departamento San Justo se llevar\u00e1 a cabo entonces la licitaci\u00f3n p\u00fablica de la que seguramente participar\u00e1n las principales autoridades de las carteras de obras p\u00fablicas y salud de la provincia junto a los representantes locales.<\/p>\n<p>&nbsp;<\/p>\n<p>Cabe recordar que en los primeros d\u00edas del mes de febrero del corriente en ocasi\u00f3n de realizar una recorrida por varios distritos del departamento, el Ministro de Obras P\u00fablicas santafesino, Lisandro Enrico junto al Senador Rodrigo Borla hab\u00edan anunciado que la inversi\u00f3n en infraestructura solicitada para el nosocomio local se iba a realizar a la brevedad.<\/p>\n<p>&nbsp;<\/p>\n<p>Luego de recorrer las instalaciones en las que se llevar\u00e1n a cabo las obras los funcionarios confirmaron que finalmente este lunes se realizar\u00e1 la apertura de los sobres para conocer las ofertas, y qui\u00e9n luego resulte seleccionado, tendr\u00e1 a su cargo las tareas de remodelaci\u00f3n y refacci\u00f3n del espacio de cocina y dep\u00f3sito de alimentos de la entidad, cuyo presupuesto oficial asciende a $116.157.509,56.<\/p>\n<p>&nbsp;<\/p>\n<p><strong>INSUMOS POR 15 MILLONES DE PESOS.<\/strong><\/p>\n<p>&nbsp;<\/p>\n<p>Tambi\u00e9n en el transcurso de la pr\u00f3xima semana, m\u00e1s precisamente el d\u00eda martes 11 del corriente despu\u00e9s de las 8:30 horas tendr\u00e1 lugar otro acto licitatorio en el SAMCo San Justo; en la oportunidad se abrir\u00e1n los sobre para conocer las ofertas para la compra de insumos (para sector farmacia) por un total de 15 millones de pesos.<\/p>\n","protected":false},"excerpt":{"rendered":"<p>. &nbsp; El Senador Provincial Rodrigo Borla confirm\u00f3 que, tal cual lo establece el pliego, ese d\u00eda se abrir\u00e1n los sobres para conocer las ofertas para realizar las obras estimadas en m\u00e1s&#46;&#46;&#46;<\/p>\n","protected":false},"author":1,"featured_media":23609,"comment_status":"closed","ping_status":"closed","sticky":false,"template":"","format":"standard","meta":[],"categories":[4,16,10,13],"tags":[],"_links":{"self":[{"href":"https:\/\/www.revistarescatados.com.ar\/web\/wp-json\/wp\/v2\/posts\/23608"}],"collection":[{"href":"https:\/\/www.revistarescatados.com.ar\/web\/wp-json\/wp\/v2\/posts"}],"about":[{"href":"https:\/\/www.revistarescatados.com.ar\/web\/wp-json\/wp\/v2\/types\/post"}],"author":[{"embeddable":true,"href":"https:\/\/www.revistarescatados.com.ar\/web\/wp-json\/wp\/v2\/users\/1"}],"replies":[{"embeddable":true,"href":"https:\/\/www.revistarescatados.com.ar\/web\/wp-json\/wp\/v2\/comments?post=23608"}],"version-history":[{"count":1,"href":"https:\/\/www.revistarescatados.com.ar\/web\/wp-json\/wp\/v2\/posts\/23608\/revisions"}],"predecessor-version":[{"id":23610,"href":"https:\/\/www.revistarescatados.com.ar\/web\/wp-json\/wp\/v2\/posts\/23608\/revisions\/23610"}],"wp:featuredmedia":[{"embeddable":true,"href":"https:\/\/www.revistarescatados.com.ar\/web\/wp-json\/wp\/v2\/media\/23609"}],"wp:attachment":[{"href":"https:\/\/www.revistarescatados.com.ar\/web\/wp-json\/wp\/v2\/media?parent=23608"}],"wp:term":[{"taxonomy":"category","embeddable":true,"href":"https:\/\/www.revistarescatados.com.ar\/web\/wp-json\/wp\/v2\/categories?post=23608"},{"taxonomy":"post_tag","embeddable":true,"href":"https:\/\/www.revistarescatados.com.ar\/web\/wp-json\/wp\/v2\/tags?post=23608"}],"curies":[{"name":"wp","href":"https:\/\/api.w.org\/{rel}","templated":true}]}}