{"id":23616,"date":"2025-03-07T21:34:26","date_gmt":"2025-03-08T00:34:26","guid":{"rendered":"https:\/\/www.revistarescatados.com.ar\/web\/?p=23616"},"modified":"2025-03-07T21:34:26","modified_gmt":"2025-03-08T00:34:26","slug":"sosa-alerto-sobre-la-discriminacion-del-gobierno-provincial-que-sufren-algunas-localidades","status":"publish","type":"post","link":"https:\/\/www.revistarescatados.com.ar\/web\/2025\/03\/07\/sosa-alerto-sobre-la-discriminacion-del-gobierno-provincial-que-sufren-algunas-localidades\/","title":{"rendered":"Sosa alert\u00f3 sobre la discriminaci\u00f3n del gobierno provincial que sufren algunas localidades"},"content":{"rendered":"<p>&nbsp;<\/p>\n<p><strong>\u201cEn el departamento Vera, hay comunas que no han recibido una sola obra y otras que no saben qu\u00e9 hacer con lo que le mandan. Se dar\u00e1n cuenta de que palo pol\u00edtico son unas y de cual son las otras\u201d, enfatiz\u00f3.<\/strong><\/p>\n<p><img loading=\"lazy\" class=\"aligncenter size-full wp-image-23617\" src=\"http:\/\/www.revistarescatados.com.ar\/web\/wp-content\/uploads\/2025\/03\/Cuello-Sosa-Perello.jpg\" alt=\"\" width=\"590\" height=\"497\" srcset=\"https:\/\/www.revistarescatados.com.ar\/web\/wp-content\/uploads\/2025\/03\/Cuello-Sosa-Perello.jpg 590w, https:\/\/www.revistarescatados.com.ar\/web\/wp-content\/uploads\/2025\/03\/Cuello-Sosa-Perello-300x253.jpg 300w\" sizes=\"(max-width: 590px) 100vw, 590px\" \/><\/p>\n<p>El senador provincial Osvaldo Sosa particip\u00f3 este viernes del acto de presentaci\u00f3n de contenedores y maquinarias. Felicit\u00f3 a la gesti\u00f3n municipal de Calchaqu\u00ed por las adquisiciones que se realizaron con recursos que le pertenecen por ley.<\/p>\n<p>Al tiempo que alert\u00f3 sobre una &#8220;crisis institucional&#8221;, ya que hay localidades del departamento Vera &#8211; de diferente color pol\u00edtico al gobierno provincial &#8211; que no reciben ni recursos ni obras.<\/p>\n<p>\u201cRub\u00e9n tiene el cuero duro en pol\u00edtica y no se va a dejar amilanar. Les aseguro que va\u00a0 hacer pavimento con dinero que le corresponde a Calchaqu\u00ed, no que le da la provincia. Eso t\u00e9nganlo en cuenta\u201d, destac\u00f3.<\/p>\n<p>\u201cEn el departamento Vera, hay comunas que no han recibido una sola obra y otras que no saben que hacer con lo que le mandan. Se dar\u00e1n cuenta de que palo pol\u00edtico son unas y de cual son las otras\u201d, enfatiz\u00f3.<\/p>\n<p>\u201cRecapacitemos, lo que hacemos los pol\u00edticos tiene que estar dirigido a la gente, se est\u00e1 perjudicando a la gente de Calchaqu\u00ed, no a Rub\u00e9n. Pueden ganarle o \u00e9l les puede ganar, pero no se justifica que castiguen a la poblaci\u00f3n de Calchaqu\u00ed, porque no seamos del mismo palo pol\u00edtico\u201d, argument\u00f3 el legislador provincial por el departamento Vera.<\/p>\n<p><a href=\"https:\/\/www.facebook.com\/100063645937298\/videos\/658292466675459\"><strong>VIDEO DEL ACTO<\/strong><\/a><\/p>\n","protected":false},"excerpt":{"rendered":"<p>&nbsp; \u201cEn el departamento Vera, hay comunas que no han recibido una sola obra y otras que no saben qu\u00e9 hacer con lo que le mandan. Se dar\u00e1n cuenta de que palo&#46;&#46;&#46;<\/p>\n","protected":false},"author":1,"featured_media":23617,"comment_status":"closed","ping_status":"closed","sticky":false,"template":"","format":"standard","meta":[],"categories":[2,3,16,13],"tags":[],"_links":{"self":[{"href":"https:\/\/www.revistarescatados.com.ar\/web\/wp-json\/wp\/v2\/posts\/23616"}],"collection":[{"href":"https:\/\/www.revistarescatados.com.ar\/web\/wp-json\/wp\/v2\/posts"}],"about":[{"href":"https:\/\/www.revistarescatados.com.ar\/web\/wp-json\/wp\/v2\/types\/post"}],"author":[{"embeddable":true,"href":"https:\/\/www.revistarescatados.com.ar\/web\/wp-json\/wp\/v2\/users\/1"}],"replies":[{"embeddable":true,"href":"https:\/\/www.revistarescatados.com.ar\/web\/wp-json\/wp\/v2\/comments?post=23616"}],"version-history":[{"count":1,"href":"https:\/\/www.revistarescatados.com.ar\/web\/wp-json\/wp\/v2\/posts\/23616\/revisions"}],"predecessor-version":[{"id":23618,"href":"https:\/\/www.revistarescatados.com.ar\/web\/wp-json\/wp\/v2\/posts\/23616\/revisions\/23618"}],"wp:featuredmedia":[{"embeddable":true,"href":"https:\/\/www.revistarescatados.com.ar\/web\/wp-json\/wp\/v2\/media\/23617"}],"wp:attachment":[{"href":"https:\/\/www.revistarescatados.com.ar\/web\/wp-json\/wp\/v2\/media?parent=23616"}],"wp:term":[{"taxonomy":"category","embeddable":true,"href":"https:\/\/www.revistarescatados.com.ar\/web\/wp-json\/wp\/v2\/categories?post=23616"},{"taxonomy":"post_tag","embeddable":true,"href":"https:\/\/www.revistarescatados.com.ar\/web\/wp-json\/wp\/v2\/tags?post=23616"}],"curies":[{"name":"wp","href":"https:\/\/api.w.org\/{rel}","templated":true}]}}