{"id":23642,"date":"2025-03-11T15:56:10","date_gmt":"2025-03-11T18:56:10","guid":{"rendered":"https:\/\/www.revistarescatados.com.ar\/web\/?p=23642"},"modified":"2025-03-11T15:56:10","modified_gmt":"2025-03-11T18:56:10","slug":"provincia-firma-convenio-para-sostener-el-comedor-del-barrio-san-jose-de-calchaqui","status":"publish","type":"post","link":"https:\/\/www.revistarescatados.com.ar\/web\/2025\/03\/11\/provincia-firma-convenio-para-sostener-el-comedor-del-barrio-san-jose-de-calchaqui\/","title":{"rendered":"Provincia firma convenio para sostener el comedor del barrio San Jos\u00e9 de Calchaqu\u00ed"},"content":{"rendered":"<p><strong>El Ministerio de Igualdad y Desarrollo Humano de Santa Fe firm\u00f3 convenio con la comisi\u00f3n Vecinal del barrio San Jos\u00e9 Obrero. El acuerdo establece un aporte econ\u00f3mico mensual de $1.700.000, destinado a la70 ni\u00f1os que asisten al comedor.<\/strong><\/p>\n<p><img loading=\"lazy\" class=\"aligncenter size-large wp-image-23643\" src=\"http:\/\/www.revistarescatados.com.ar\/web\/wp-content\/uploads\/2025\/03\/Convenio-Comedor-San-Jose-1024x742.jpg\" alt=\"\" width=\"1024\" height=\"742\" srcset=\"https:\/\/www.revistarescatados.com.ar\/web\/wp-content\/uploads\/2025\/03\/Convenio-Comedor-San-Jose-1024x742.jpg 1024w, https:\/\/www.revistarescatados.com.ar\/web\/wp-content\/uploads\/2025\/03\/Convenio-Comedor-San-Jose-300x218.jpg 300w, https:\/\/www.revistarescatados.com.ar\/web\/wp-content\/uploads\/2025\/03\/Convenio-Comedor-San-Jose-768x557.jpg 768w, https:\/\/www.revistarescatados.com.ar\/web\/wp-content\/uploads\/2025\/03\/Convenio-Comedor-San-Jose-1536x1114.jpg 1536w, https:\/\/www.revistarescatados.com.ar\/web\/wp-content\/uploads\/2025\/03\/Convenio-Comedor-San-Jose.jpg 1600w\" sizes=\"(max-width: 1024px) 100vw, 1024px\" \/><\/p>\n<p>En el marco del programa de asistencia a comedores comunitarios, el Ministerio de Igualdad y Desarrollo Humano de la Provincia de Santa Fe, por intermedio de referentes territoriales, firm\u00f3 un convenio con la Comisi\u00f3n Vecinal del barrio San Jos\u00e9 Obrero, representada por Vilma Morales.<\/p>\n<p>El acuerdo establece un aporte econ\u00f3mico mensual de $1.700.000 , destinado a la70 ni\u00f1os que asisten al mismo.<\/p>\n<p>Este compromiso tambi\u00e9n refleja la pol\u00edtica del Ministerio, que ha triplicado las partidas para todos los comedores comunitarios de la provincia, fortaleciendo el apoyo a las organizaciones sociales y bregando por su desarrollo.<\/p>\n<p>&#8220;Este convenio es una muestra m\u00e1s de nuestro trabajo en conjunto con los barrios para mejorar las condiciones de vida y fomentar el desarrollo de la comunidad&#8221;.<\/p>\n<p>Formaron parte del mismo la referente territorial Juliana Caillat, el presidente del Samco Juan Pablo Franco y la concejal Tamara Aquino.<\/p>\n","protected":false},"excerpt":{"rendered":"<p>El Ministerio de Igualdad y Desarrollo Humano de Santa Fe firm\u00f3 convenio con la comisi\u00f3n Vecinal del barrio San Jos\u00e9 Obrero. El acuerdo establece un aporte econ\u00f3mico mensual de $1.700.000, destinado a&#46;&#46;&#46;<\/p>\n","protected":false},"author":1,"featured_media":23643,"comment_status":"closed","ping_status":"closed","sticky":false,"template":"","format":"standard","meta":[],"categories":[2,3,16,8],"tags":[],"_links":{"self":[{"href":"https:\/\/www.revistarescatados.com.ar\/web\/wp-json\/wp\/v2\/posts\/23642"}],"collection":[{"href":"https:\/\/www.revistarescatados.com.ar\/web\/wp-json\/wp\/v2\/posts"}],"about":[{"href":"https:\/\/www.revistarescatados.com.ar\/web\/wp-json\/wp\/v2\/types\/post"}],"author":[{"embeddable":true,"href":"https:\/\/www.revistarescatados.com.ar\/web\/wp-json\/wp\/v2\/users\/1"}],"replies":[{"embeddable":true,"href":"https:\/\/www.revistarescatados.com.ar\/web\/wp-json\/wp\/v2\/comments?post=23642"}],"version-history":[{"count":1,"href":"https:\/\/www.revistarescatados.com.ar\/web\/wp-json\/wp\/v2\/posts\/23642\/revisions"}],"predecessor-version":[{"id":23644,"href":"https:\/\/www.revistarescatados.com.ar\/web\/wp-json\/wp\/v2\/posts\/23642\/revisions\/23644"}],"wp:featuredmedia":[{"embeddable":true,"href":"https:\/\/www.revistarescatados.com.ar\/web\/wp-json\/wp\/v2\/media\/23643"}],"wp:attachment":[{"href":"https:\/\/www.revistarescatados.com.ar\/web\/wp-json\/wp\/v2\/media?parent=23642"}],"wp:term":[{"taxonomy":"category","embeddable":true,"href":"https:\/\/www.revistarescatados.com.ar\/web\/wp-json\/wp\/v2\/categories?post=23642"},{"taxonomy":"post_tag","embeddable":true,"href":"https:\/\/www.revistarescatados.com.ar\/web\/wp-json\/wp\/v2\/tags?post=23642"}],"curies":[{"name":"wp","href":"https:\/\/api.w.org\/{rel}","templated":true}]}}