{"id":2380,"date":"2018-10-14T13:53:17","date_gmt":"2018-10-14T16:53:17","guid":{"rendered":"http:\/\/www.revistarescatados.com.ar\/web\/?p=2380"},"modified":"2018-10-14T13:53:17","modified_gmt":"2018-10-14T16:53:17","slug":"chancho-suelto","status":"publish","type":"post","link":"https:\/\/www.revistarescatados.com.ar\/web\/2018\/10\/14\/chancho-suelto\/","title":{"rendered":"Chancho suelto"},"content":{"rendered":"<p><img loading=\"lazy\" class=\"aligncenter size-full wp-image-2381\" src=\"http:\/\/www.revistarescatados.com.ar\/web\/wp-content\/uploads\/2018\/10\/chancho-suelto.jpg\" alt=\"\" width=\"1280\" height=\"720\" srcset=\"https:\/\/www.revistarescatados.com.ar\/web\/wp-content\/uploads\/2018\/10\/chancho-suelto.jpg 1280w, https:\/\/www.revistarescatados.com.ar\/web\/wp-content\/uploads\/2018\/10\/chancho-suelto-300x169.jpg 300w, https:\/\/www.revistarescatados.com.ar\/web\/wp-content\/uploads\/2018\/10\/chancho-suelto-768x432.jpg 768w, https:\/\/www.revistarescatados.com.ar\/web\/wp-content\/uploads\/2018\/10\/chancho-suelto-1024x576.jpg 1024w\" sizes=\"(max-width: 1280px) 100vw, 1280px\" \/><\/p>\n<p><span style=\"color: #0000ff;\"><strong>A un vecino de 64 a\u00f1os de Calchaqu\u00ed. Los Pumas labraron un acta de infracci\u00f3n por &#8220;omisi\u00f3n de custodia de animales&#8221;, seg\u00fan el art\u00edculo 98 del c\u00f3digo de falta provincial (ley 10.703).<\/strong><\/span><\/p>\n<p>En la v\u00edspera, personal Secci\u00f3n 7 de \u00a0Cachaqui labr\u00f3 acta de procedimiento por infracci\u00f3n art. 98 de Ley 10.703 en la zona rural Calchaqu\u00ed al encontrarse un animal porcino aliment\u00e1ndose en la v\u00eda p\u00fablica y sin custodia<\/p>\n<p>El infractor fue identificado como \u00a0Z. R. R. de 64 a\u00f1os. Interviene Juzgado de Faltas de Vera.<\/p>\n","protected":false},"excerpt":{"rendered":"<p>A un vecino de 64 a\u00f1os de Calchaqu\u00ed. Los Pumas labraron un acta de infracci\u00f3n por &#8220;omisi\u00f3n de custodia de animales&#8221;, seg\u00fan el art\u00edculo 98 del c\u00f3digo de falta provincial (ley 10.703).&#46;&#46;&#46;<\/p>\n","protected":false},"author":1,"featured_media":2381,"comment_status":"closed","ping_status":"open","sticky":false,"template":"","format":"standard","meta":[],"categories":[2,3,11],"tags":[],"_links":{"self":[{"href":"https:\/\/www.revistarescatados.com.ar\/web\/wp-json\/wp\/v2\/posts\/2380"}],"collection":[{"href":"https:\/\/www.revistarescatados.com.ar\/web\/wp-json\/wp\/v2\/posts"}],"about":[{"href":"https:\/\/www.revistarescatados.com.ar\/web\/wp-json\/wp\/v2\/types\/post"}],"author":[{"embeddable":true,"href":"https:\/\/www.revistarescatados.com.ar\/web\/wp-json\/wp\/v2\/users\/1"}],"replies":[{"embeddable":true,"href":"https:\/\/www.revistarescatados.com.ar\/web\/wp-json\/wp\/v2\/comments?post=2380"}],"version-history":[{"count":1,"href":"https:\/\/www.revistarescatados.com.ar\/web\/wp-json\/wp\/v2\/posts\/2380\/revisions"}],"predecessor-version":[{"id":2382,"href":"https:\/\/www.revistarescatados.com.ar\/web\/wp-json\/wp\/v2\/posts\/2380\/revisions\/2382"}],"wp:featuredmedia":[{"embeddable":true,"href":"https:\/\/www.revistarescatados.com.ar\/web\/wp-json\/wp\/v2\/media\/2381"}],"wp:attachment":[{"href":"https:\/\/www.revistarescatados.com.ar\/web\/wp-json\/wp\/v2\/media?parent=2380"}],"wp:term":[{"taxonomy":"category","embeddable":true,"href":"https:\/\/www.revistarescatados.com.ar\/web\/wp-json\/wp\/v2\/categories?post=2380"},{"taxonomy":"post_tag","embeddable":true,"href":"https:\/\/www.revistarescatados.com.ar\/web\/wp-json\/wp\/v2\/tags?post=2380"}],"curies":[{"name":"wp","href":"https:\/\/api.w.org\/{rel}","templated":true}]}}