{"id":23857,"date":"2025-04-14T10:55:16","date_gmt":"2025-04-14T13:55:16","guid":{"rendered":"https:\/\/www.revistarescatados.com.ar\/web\/?p=23857"},"modified":"2025-04-14T10:55:16","modified_gmt":"2025-04-14T13:55:16","slug":"tragico-siniestro-vial-en-la-ruta-38-fallecio-un-motociclista-de-calchaqui","status":"publish","type":"post","link":"https:\/\/www.revistarescatados.com.ar\/web\/2025\/04\/14\/tragico-siniestro-vial-en-la-ruta-38-fallecio-un-motociclista-de-calchaqui\/","title":{"rendered":"Tr\u00e1gico siniestro vial en la ruta 38: Falleci\u00f3 un motociclista de Calchaqui"},"content":{"rendered":"<p>&nbsp;<\/p>\n<p><strong>La v\u00edctima fue identicada como Rub\u00e9n Rodriguez de 43 a\u00f1os, quien viajaba con un joven de 19 a\u00f1os en su moto, al ser colisionado por una camioneta conducida por una mujer en la tarde del domingo.<\/strong><\/p>\n<p><img loading=\"lazy\" class=\"size-large wp-image-23858 alignleft\" src=\"http:\/\/www.revistarescatados.com.ar\/web\/wp-content\/uploads\/2025\/04\/FB_IMG_1744638602526-768x1024.jpg\" alt=\"\" width=\"768\" height=\"1024\" srcset=\"https:\/\/www.revistarescatados.com.ar\/web\/wp-content\/uploads\/2025\/04\/FB_IMG_1744638602526-768x1024.jpg 768w, https:\/\/www.revistarescatados.com.ar\/web\/wp-content\/uploads\/2025\/04\/FB_IMG_1744638602526-225x300.jpg 225w, https:\/\/www.revistarescatados.com.ar\/web\/wp-content\/uploads\/2025\/04\/FB_IMG_1744638602526.jpg 780w\" sizes=\"(max-width: 768px) 100vw, 768px\" \/><\/p>\n<p>Este domingo 13 de abril , siendo las 18 horas, funcionarios policiales de la Comisaria segunda de Calchaqu\u00ed, se comisionan en ruta Provincial N\u00ba 38, m\u00e1s precisamente en el km 13.<\/p>\n<p>&nbsp;<\/p>\n<p>Una camioneta marca Ford Eco sport de color gris momentos antes ser\u00eda conducida por una mujer de 38 a\u00f1os de edad, acompa\u00f1ada por un hombre, mayor de edad y tres menores de edad, domiciliados en Calchaqu\u00ed, colisiona con una motocicleta marca Apia 150 color negro, guiada por un Rub\u00e9n Rodriguez de 42 a\u00f1os, quien lo hac\u00eda acompa\u00f1ado por un joven de 19 a\u00f1os de edad, ambos domiciliados en Calchaqu\u00ed quienes presentaban lesiones de consideraci\u00f3n.<\/p>\n<p>&nbsp;<\/p>\n<p>Los motociclistas fueron trasladados en ambulancia al hospital de la ciudad de Calchaqu\u00ed y posteriormente derivados al\u00a0hospital central de Reconquista. Los ocupantes de la camioneta resultaron ilesos.<\/p>\n<p>&nbsp;<\/p>\n<p>Posteriormente informan desde el hospital central fallecimiento del conductor del motovehiculo.<\/p>\n","protected":false},"excerpt":{"rendered":"<p>&nbsp; La v\u00edctima fue identicada como Rub\u00e9n Rodriguez de 43 a\u00f1os, quien viajaba con un joven de 19 a\u00f1os en su moto, al ser colisionado por una camioneta conducida por una mujer&#46;&#46;&#46;<\/p>\n","protected":false},"author":1,"featured_media":23858,"comment_status":"closed","ping_status":"closed","sticky":false,"template":"","format":"standard","meta":[],"categories":[2,3,16,11,8],"tags":[],"_links":{"self":[{"href":"https:\/\/www.revistarescatados.com.ar\/web\/wp-json\/wp\/v2\/posts\/23857"}],"collection":[{"href":"https:\/\/www.revistarescatados.com.ar\/web\/wp-json\/wp\/v2\/posts"}],"about":[{"href":"https:\/\/www.revistarescatados.com.ar\/web\/wp-json\/wp\/v2\/types\/post"}],"author":[{"embeddable":true,"href":"https:\/\/www.revistarescatados.com.ar\/web\/wp-json\/wp\/v2\/users\/1"}],"replies":[{"embeddable":true,"href":"https:\/\/www.revistarescatados.com.ar\/web\/wp-json\/wp\/v2\/comments?post=23857"}],"version-history":[{"count":1,"href":"https:\/\/www.revistarescatados.com.ar\/web\/wp-json\/wp\/v2\/posts\/23857\/revisions"}],"predecessor-version":[{"id":23859,"href":"https:\/\/www.revistarescatados.com.ar\/web\/wp-json\/wp\/v2\/posts\/23857\/revisions\/23859"}],"wp:featuredmedia":[{"embeddable":true,"href":"https:\/\/www.revistarescatados.com.ar\/web\/wp-json\/wp\/v2\/media\/23858"}],"wp:attachment":[{"href":"https:\/\/www.revistarescatados.com.ar\/web\/wp-json\/wp\/v2\/media?parent=23857"}],"wp:term":[{"taxonomy":"category","embeddable":true,"href":"https:\/\/www.revistarescatados.com.ar\/web\/wp-json\/wp\/v2\/categories?post=23857"},{"taxonomy":"post_tag","embeddable":true,"href":"https:\/\/www.revistarescatados.com.ar\/web\/wp-json\/wp\/v2\/tags?post=23857"}],"curies":[{"name":"wp","href":"https:\/\/api.w.org\/{rel}","templated":true}]}}