{"id":23886,"date":"2025-04-21T22:11:08","date_gmt":"2025-04-22T01:11:08","guid":{"rendered":"https:\/\/www.revistarescatados.com.ar\/web\/?p=23886"},"modified":"2025-04-21T22:11:08","modified_gmt":"2025-04-22T01:11:08","slug":"samco-de-villa-ocampo-el-ministerio-de-salud-impulsa-una-investigacion-y-refuerza-los-procesos-de-atencion","status":"publish","type":"post","link":"https:\/\/www.revistarescatados.com.ar\/web\/2025\/04\/21\/samco-de-villa-ocampo-el-ministerio-de-salud-impulsa-una-investigacion-y-refuerza-los-procesos-de-atencion\/","title":{"rendered":"Samco de Villa Ocampo: el Ministerio de Salud impulsa una investigaci\u00f3n y refuerza los procesos de atenci\u00f3n"},"content":{"rendered":"<div><\/div>\n<div><\/div>\n<div><\/div>\n<div><\/div>\n<div><strong>Tras el fallecimiento de un paciente de nueve meses, se brind\u00f3 informaci\u00f3n de las medidas que se adoptaron para revisar la atenci\u00f3n que recibi\u00f3 en el efector, colaborar con la investigaci\u00f3n de la Justicia y al mismo tiempo incorporar un equipo externo para mejorar los procesos de atenci\u00f3n. Las medidas buscan esclarecer los hechos, acompa\u00f1ar a la familia y fortalecer el funcionamiento del hospital.<\/strong><\/div>\n<div><\/div>\n<div><\/div>\n<div><\/div>\n<div><img loading=\"lazy\" class=\"aligncenter size-large wp-image-23887\" src=\"http:\/\/www.revistarescatados.com.ar\/web\/wp-content\/uploads\/2025\/04\/Samco-Villa-Ocampo-1024x768.jpg\" alt=\"\" width=\"1024\" height=\"768\" srcset=\"https:\/\/www.revistarescatados.com.ar\/web\/wp-content\/uploads\/2025\/04\/Samco-Villa-Ocampo-1024x768.jpg 1024w, https:\/\/www.revistarescatados.com.ar\/web\/wp-content\/uploads\/2025\/04\/Samco-Villa-Ocampo-300x225.jpg 300w, https:\/\/www.revistarescatados.com.ar\/web\/wp-content\/uploads\/2025\/04\/Samco-Villa-Ocampo-768x576.jpg 768w, https:\/\/www.revistarescatados.com.ar\/web\/wp-content\/uploads\/2025\/04\/Samco-Villa-Ocampo-1536x1152.jpg 1536w, https:\/\/www.revistarescatados.com.ar\/web\/wp-content\/uploads\/2025\/04\/Samco-Villa-Ocampo.jpg 1600w\" sizes=\"(max-width: 1024px) 100vw, 1024px\" \/><\/div>\n<div><\/div>\n<div><\/div>\n<div><\/div>\n<div><\/div>\n<div>Este lunes por la ma\u00f1ana, en el sal\u00f3n de usos m\u00faltiples del Hospital Samco de Villa Ocampo, autoridades provinciales y locales ofrecieron una conferencia de prensa para brindar detalles sobre la investigaci\u00f3n sumarial iniciada tras el fallecimiento de un paciente de nueve meses que se atendi\u00f3 en ese efector, y anunciar medidas que se implementaron de acompa\u00f1amiento institucional y mejora de los procesos de atenci\u00f3n sanitaria.<\/div>\n<div><\/div>\n<div>Encabezaron la presentaci\u00f3n la secretaria de Salud de la provincia de Santa Fe, Andrea Uboldi; el intendente de la localidad, Cristian Marega, tambi\u00e9n presidente de la Comisi\u00f3n Ejecutiva del Samco; la directora de la Regi\u00f3n de Salud &#8211; Nodo Reconquista, Luciana Ramoa; y la jefa de Enfermer\u00eda, Nancy Casco.<\/div>\n<div><\/div>\n<div><strong>Investigaci\u00f3n y acompa\u00f1amiento a la familia<\/strong><\/div>\n<div>La secretaria Andrea Uboldi explic\u00f3 que, a partir del reclamo de la familia del paciente y a pedido de la ministra de Salud, Silvia Ciancio, se inici\u00f3 de forma inmediata una investigaci\u00f3n sumarial interna, con intervenci\u00f3n del \u00e1rea Legal y T\u00e9cnica del Ministerio. El objetivo es esclarecer los hechos a partir del an\u00e1lisis de la historia cl\u00ednica y del testimonio de los profesionales intervinientes.<\/div>\n<div><\/div>\n<div>\u201cLa investigaci\u00f3n sumarial es una herramienta propia del Ministerio que no reemplaza ni interfiere con las posibles instancias judiciales. En paralelo, se puso toda la documentaci\u00f3n m\u00e9dica a disposici\u00f3n de la Justicia y se gener\u00f3 un espacio de escucha y contenci\u00f3n para la familia del ni\u00f1o fallecido\u201d, indic\u00f3 Uboldi.<\/div>\n<div><\/div>\n<div>La funcionaria subray\u00f3 que esta iniciativa no se limita a este caso particular, sino que forma parte de una pol\u00edtica de revisi\u00f3n y acompa\u00f1amiento activo a los equipos de salud en momentos cr\u00edticos. \u201cQueremos que el hospital siga funcionando con normalidad porque la comunidad lo necesita. Esta revisi\u00f3n busca mejorar y evitar situaciones de agresi\u00f3n hacia el personal que, d\u00eda a d\u00eda, da respuestas positivas a la poblaci\u00f3n\u201d, remarc\u00f3.<\/div>\n<div><\/div>\n<div><\/div>\n<div><\/div>\n<div><strong>Refuerzo con equipos externos y evaluaci\u00f3n<\/strong><\/div>\n<div>Como parte del abordaje institucional, el Ministerio de Salud anunci\u00f3 la incorporaci\u00f3n de equipos externos de Santa Fe y Rosario. Estos profesionales tendr\u00e1n como tarea revisar y fortalecer los procesos de atenci\u00f3n en tres \u00e1reas prioritarias: Guardia, Pediatr\u00eda y Obstetricia.<\/div>\n<div><\/div>\n<div>\u201cEl foco est\u00e1 puesto en fortalecer el funcionamiento del sistema de triage y optimizar los circuitos de atenci\u00f3n, a\u00fan en el contexto actual de obras en el hospital. Esta estrategia ya se ha implementado en otros efectores de salud de la provincia con resultados positivos\u201d, agreg\u00f3 la secretaria.<\/div>\n<div><\/div>\n<div>Por su parte, el intendente Cristian Marega manifest\u00f3 el acompa\u00f1amiento del gobierno local a la familia afectada y reafirm\u00f3 el compromiso institucional con la transparencia: \u201cDesde el primer momento estuvimos cerca de la familia, y hoy queremos llevar claridad a la sociedad. Habr\u00e1 una revisi\u00f3n en la conducci\u00f3n del hospital, se realizar\u00e1 la investigaci\u00f3n sumarial y habr\u00e1 colaboraci\u00f3n plena con la Justicia\u201d.<\/div>\n<div><\/div>\n<div>Adem\u00e1s, se\u00f1al\u00f3 que se trabaj\u00f3 en conjunto con las autoridades sanitarias para garantizar la atenci\u00f3n en el Samco mientras avanza este proceso de evaluaci\u00f3n y mejora.<\/div>\n<div><\/div>\n","protected":false},"excerpt":{"rendered":"<p>Tras el fallecimiento de un paciente de nueve meses, se brind\u00f3 informaci\u00f3n de las medidas que se adoptaron para revisar la atenci\u00f3n que recibi\u00f3 en el efector, colaborar con la investigaci\u00f3n de&#46;&#46;&#46;<\/p>\n","protected":false},"author":1,"featured_media":23887,"comment_status":"closed","ping_status":"closed","sticky":false,"template":"","format":"standard","meta":[],"categories":[6,16,10,14,9],"tags":[],"_links":{"self":[{"href":"https:\/\/www.revistarescatados.com.ar\/web\/wp-json\/wp\/v2\/posts\/23886"}],"collection":[{"href":"https:\/\/www.revistarescatados.com.ar\/web\/wp-json\/wp\/v2\/posts"}],"about":[{"href":"https:\/\/www.revistarescatados.com.ar\/web\/wp-json\/wp\/v2\/types\/post"}],"author":[{"embeddable":true,"href":"https:\/\/www.revistarescatados.com.ar\/web\/wp-json\/wp\/v2\/users\/1"}],"replies":[{"embeddable":true,"href":"https:\/\/www.revistarescatados.com.ar\/web\/wp-json\/wp\/v2\/comments?post=23886"}],"version-history":[{"count":1,"href":"https:\/\/www.revistarescatados.com.ar\/web\/wp-json\/wp\/v2\/posts\/23886\/revisions"}],"predecessor-version":[{"id":23888,"href":"https:\/\/www.revistarescatados.com.ar\/web\/wp-json\/wp\/v2\/posts\/23886\/revisions\/23888"}],"wp:featuredmedia":[{"embeddable":true,"href":"https:\/\/www.revistarescatados.com.ar\/web\/wp-json\/wp\/v2\/media\/23887"}],"wp:attachment":[{"href":"https:\/\/www.revistarescatados.com.ar\/web\/wp-json\/wp\/v2\/media?parent=23886"}],"wp:term":[{"taxonomy":"category","embeddable":true,"href":"https:\/\/www.revistarescatados.com.ar\/web\/wp-json\/wp\/v2\/categories?post=23886"},{"taxonomy":"post_tag","embeddable":true,"href":"https:\/\/www.revistarescatados.com.ar\/web\/wp-json\/wp\/v2\/tags?post=23886"}],"curies":[{"name":"wp","href":"https:\/\/api.w.org\/{rel}","templated":true}]}}