{"id":23891,"date":"2025-04-21T22:23:28","date_gmt":"2025-04-22T01:23:28","guid":{"rendered":"https:\/\/www.revistarescatados.com.ar\/web\/?p=23891"},"modified":"2025-04-21T22:23:28","modified_gmt":"2025-04-22T01:23:28","slug":"este-viernes-se-realiza-el-6-congreso-educativo-del-departamento-vera","status":"publish","type":"post","link":"https:\/\/www.revistarescatados.com.ar\/web\/2025\/04\/21\/este-viernes-se-realiza-el-6-congreso-educativo-del-departamento-vera\/","title":{"rendered":"Este viernes se realiza el 6\u00b0 Congreso Educativo del departamento Vera"},"content":{"rendered":"<p><strong>&#8220;El progreso de los pueblos pasa por la educaci\u00f3n de su gente. Sigo sosteniendo que la Educaci\u00f3n es el \u00fanico camino, por eso es importante apoyar a nuestras instituciones educativas&#8221;, se\u00f1al\u00f3 senador Osvaldo Sosa, impulsor de la iniciativa a desarrollarse en el Colegio Superior N\u00ba42.<\/strong><\/p>\n<p><img loading=\"lazy\" class=\"aligncenter size-large wp-image-18455\" src=\"http:\/\/www.revistarescatados.com.ar\/web\/wp-content\/uploads\/2022\/10\/Sosa-2-1024x684.jpeg\" alt=\"\" width=\"1024\" height=\"684\" srcset=\"https:\/\/www.revistarescatados.com.ar\/web\/wp-content\/uploads\/2022\/10\/Sosa-2-1024x684.jpeg 1024w, https:\/\/www.revistarescatados.com.ar\/web\/wp-content\/uploads\/2022\/10\/Sosa-2-300x200.jpeg 300w, https:\/\/www.revistarescatados.com.ar\/web\/wp-content\/uploads\/2022\/10\/Sosa-2-768x513.jpeg 768w, https:\/\/www.revistarescatados.com.ar\/web\/wp-content\/uploads\/2022\/10\/Sosa-2.jpeg 1280w\" sizes=\"(max-width: 1024px) 100vw, 1024px\" \/><br \/>\nLo afirm\u00f3 el senador Osvaldo Sosa, en v\u00edsperas del 6to. Congreso de Educaci\u00f3n del Departamento Vera que lo cuenta como su principal impulsor y se desarrollar\u00e1 el viernes 25 de abril en el Colegio Superior N\u00ba42 \u201cDr. Agust\u00edn Luis Rossi\u201d.<\/p>\n<p>&#8220;Desde el 2018 acompa\u00f1amos al Colegio Superior N\u00b042 &#8220;Agust\u00edn Luis Rossi&#8221; en tan loable tarea. El objetivo principal es CAPACITAR a DOCENTES y ALUMNOS TERCIARIOS\/UNIVERSITARIOS de forma GRATUITA y con un nivel de disertantes excepcional. A\u00f1o tras a\u00f1o esta actividad supera nuestras expectativas y tambi\u00e9n, por qu\u00e9 no, la de todos los ciudadanos de nuestra ciudad que recibe a cientos de personas de diferentes lugares con \u00e1nimos de crecer profesionalmente&#8221;, valor\u00f3 el legislador.<\/p>\n<p>&#8220;Hablando de n\u00fameros, en promedio se han capacitado gratuitamente entre 600 y 700 personas por a\u00f1o; dato que no es menor, recalcando el hecho de que dicha actividad no tiene precedente en nuestra zona. Aprovecho adem\u00e1s para felicitar el trabajo del equipo directivo y docente del Colegio&#8221;, finaliz\u00f3.<\/p>\n<p>&nbsp;<\/p>\n","protected":false},"excerpt":{"rendered":"<p>&#8220;El progreso de los pueblos pasa por la educaci\u00f3n de su gente. Sigo sosteniendo que la Educaci\u00f3n es el \u00fanico camino, por eso es importante apoyar a nuestras instituciones educativas&#8221;, se\u00f1al\u00f3 senador&#46;&#46;&#46;<\/p>\n","protected":false},"author":1,"featured_media":18455,"comment_status":"closed","ping_status":"closed","sticky":false,"template":"","format":"standard","meta":[],"categories":[3,16,13,8],"tags":[],"_links":{"self":[{"href":"https:\/\/www.revistarescatados.com.ar\/web\/wp-json\/wp\/v2\/posts\/23891"}],"collection":[{"href":"https:\/\/www.revistarescatados.com.ar\/web\/wp-json\/wp\/v2\/posts"}],"about":[{"href":"https:\/\/www.revistarescatados.com.ar\/web\/wp-json\/wp\/v2\/types\/post"}],"author":[{"embeddable":true,"href":"https:\/\/www.revistarescatados.com.ar\/web\/wp-json\/wp\/v2\/users\/1"}],"replies":[{"embeddable":true,"href":"https:\/\/www.revistarescatados.com.ar\/web\/wp-json\/wp\/v2\/comments?post=23891"}],"version-history":[{"count":1,"href":"https:\/\/www.revistarescatados.com.ar\/web\/wp-json\/wp\/v2\/posts\/23891\/revisions"}],"predecessor-version":[{"id":23892,"href":"https:\/\/www.revistarescatados.com.ar\/web\/wp-json\/wp\/v2\/posts\/23891\/revisions\/23892"}],"wp:featuredmedia":[{"embeddable":true,"href":"https:\/\/www.revistarescatados.com.ar\/web\/wp-json\/wp\/v2\/media\/18455"}],"wp:attachment":[{"href":"https:\/\/www.revistarescatados.com.ar\/web\/wp-json\/wp\/v2\/media?parent=23891"}],"wp:term":[{"taxonomy":"category","embeddable":true,"href":"https:\/\/www.revistarescatados.com.ar\/web\/wp-json\/wp\/v2\/categories?post=23891"},{"taxonomy":"post_tag","embeddable":true,"href":"https:\/\/www.revistarescatados.com.ar\/web\/wp-json\/wp\/v2\/tags?post=23891"}],"curies":[{"name":"wp","href":"https:\/\/api.w.org\/{rel}","templated":true}]}}