{"id":23893,"date":"2025-04-21T23:05:05","date_gmt":"2025-04-22T02:05:05","guid":{"rendered":"https:\/\/www.revistarescatados.com.ar\/web\/?p=23893"},"modified":"2025-04-21T23:05:05","modified_gmt":"2025-04-22T02:05:05","slug":"escrutinio-definitivo-en-calchaqui-tres-listas-competiran-en-las-elecciones-generales-del-29-de-junio","status":"publish","type":"post","link":"https:\/\/www.revistarescatados.com.ar\/web\/2025\/04\/21\/escrutinio-definitivo-en-calchaqui-tres-listas-competiran-en-las-elecciones-generales-del-29-de-junio\/","title":{"rendered":"Escrutinio definitivo en Calchaqu\u00ed: Tres listas competir\u00e1n en las elecciones generales del 29 de junio"},"content":{"rendered":"<p><strong>Se conocieron los datos oficiales de las elecciones internas del 13 de abril. M\u00e1s para Santa Fe sum\u00f3 2361 votos, LLA 724 sufragios y Unidos para cambiar Santa Fe 1445 votos. Del total de 5.420 votantes, un 17% anul\u00f3 o vot\u00f3 en blanco.<\/strong><\/p>\n<p><img loading=\"lazy\" class=\"aligncenter size-full wp-image-23894\" src=\"http:\/\/www.revistarescatados.com.ar\/web\/wp-content\/uploads\/2025\/04\/candidatos-a-concejales-2025.jpg\" alt=\"\" width=\"1000\" height=\"585\" srcset=\"https:\/\/www.revistarescatados.com.ar\/web\/wp-content\/uploads\/2025\/04\/candidatos-a-concejales-2025.jpg 1000w, https:\/\/www.revistarescatados.com.ar\/web\/wp-content\/uploads\/2025\/04\/candidatos-a-concejales-2025-300x176.jpg 300w, https:\/\/www.revistarescatados.com.ar\/web\/wp-content\/uploads\/2025\/04\/candidatos-a-concejales-2025-768x449.jpg 768w\" sizes=\"(max-width: 1000px) 100vw, 1000px\" \/><\/p>\n<p>El justicialismo con la alianza llamada M\u00c1S PARA SANTA FE sum\u00f3 un total de 2.361 votos (23.08%). La lista TODOS SOMOS CALCHAQUI\u00a0 que encabezaba Pablo Perell\u00f3 gan\u00f3 la interna con 1.704 votos (72.17%), mientras la lista PUEBLO UNIDO liderada por Milca Garavaglia cosech\u00f3 657 votos (27.83%).<\/p>\n<p>En la interna del partido LA LIBERTAD AVANZA que colect\u00f3 724 votos (7.07%), la lista LA BATALLA CULTURAL sum\u00f3 456 votos, mientras que la lista \u00a0LAS FUERZAS DEL CIELO logr\u00f3 268 votos.<\/p>\n<p>Finalmente la alianza UNIDOS PARA CAMBIAR SANTA FE sum\u00f3 un total de 1.445 votos (14.12%). All\u00ed se impuso la lista \u00a0SANTA FE PUEDE liderada por Juan Pablo Franco con 1.082 votos (74.88%), a la lista UNO CALCHAQUI que fue marcada por 363 votantes.<\/p>\n<p>En las 30 mesas habilitadas, del total del padr\u00f3n compuesto por 10.228 electores, solo emitieron su voto 5420 vecinos. Hubo 343 votos en blanco y 547 anularon su voto.<\/p>\n<p><strong>LISTAS COMPLETAS PARA LAS ELECCIONES GENERALES<\/strong><\/p>\n<p>El pr\u00f3ximo 29 de junio, solo habr\u00e1 tres listas en pugna, para renovar las bancas que dejan vacantes Graciela Hetze, Mart\u00edn Perell\u00f3 y Tamara Aquino.<\/p>\n<p><strong>M\u00c1S PARA SANTA FE<\/strong><br \/>\nTitulares<br \/>\nPERELLO PABLO ANDRES<br \/>\nKIFERLING MALVINA SOLEDAD<br \/>\nGARAVAGLIA MILCA ANDREA<\/p>\n<p>Suplentes<\/p>\n<p>VAZQUEZ MIGUEL ANGEL<br \/>\nOBERTI NATALIA MARIA<br \/>\nMANSILLA MARCOS JOSE<\/p>\n<p><strong>LA LIBERTAD AVANZA<\/strong><\/p>\n<p>Titulares<br \/>\nOBERTI JUAN JOS\u00c9<br \/>\nPEREZ PATRICIA ISABEL<br \/>\nRAMUA MAR\u00cdA LUZ<\/p>\n<p>Suplentes<br \/>\nCAILLAT MATIAS GASTON<br \/>\nPEREZ EDUARDO ANTONIO<br \/>\nDOTTI MARIA LAURA<\/p>\n<p><strong>UNIDOS PARA CAMBIAR SANTA FE<\/strong><br \/>\nTitulares<br \/>\nFRANCO JUAN PABLO<br \/>\nAQUINO TAMARA YAMILA<br \/>\nOJEDA ADRIAN DIONISIO<\/p>\n<p>Suplentes<br \/>\nBAZAN MARIA CECILIA<br \/>\nSALTE\u00d1O ADRIAN AGUSTIN<br \/>\nSIGAUDO DANIELA LUCIA<\/p>\n","protected":false},"excerpt":{"rendered":"<p>Se conocieron los datos oficiales de las elecciones internas del 13 de abril. M\u00e1s para Santa Fe sum\u00f3 2361 votos, LLA 724 sufragios y Unidos para cambiar Santa Fe 1445 votos. Del&#46;&#46;&#46;<\/p>\n","protected":false},"author":1,"featured_media":23894,"comment_status":"closed","ping_status":"closed","sticky":false,"template":"","format":"standard","meta":[],"categories":[2,3,16,10,13],"tags":[],"_links":{"self":[{"href":"https:\/\/www.revistarescatados.com.ar\/web\/wp-json\/wp\/v2\/posts\/23893"}],"collection":[{"href":"https:\/\/www.revistarescatados.com.ar\/web\/wp-json\/wp\/v2\/posts"}],"about":[{"href":"https:\/\/www.revistarescatados.com.ar\/web\/wp-json\/wp\/v2\/types\/post"}],"author":[{"embeddable":true,"href":"https:\/\/www.revistarescatados.com.ar\/web\/wp-json\/wp\/v2\/users\/1"}],"replies":[{"embeddable":true,"href":"https:\/\/www.revistarescatados.com.ar\/web\/wp-json\/wp\/v2\/comments?post=23893"}],"version-history":[{"count":1,"href":"https:\/\/www.revistarescatados.com.ar\/web\/wp-json\/wp\/v2\/posts\/23893\/revisions"}],"predecessor-version":[{"id":23895,"href":"https:\/\/www.revistarescatados.com.ar\/web\/wp-json\/wp\/v2\/posts\/23893\/revisions\/23895"}],"wp:featuredmedia":[{"embeddable":true,"href":"https:\/\/www.revistarescatados.com.ar\/web\/wp-json\/wp\/v2\/media\/23894"}],"wp:attachment":[{"href":"https:\/\/www.revistarescatados.com.ar\/web\/wp-json\/wp\/v2\/media?parent=23893"}],"wp:term":[{"taxonomy":"category","embeddable":true,"href":"https:\/\/www.revistarescatados.com.ar\/web\/wp-json\/wp\/v2\/categories?post=23893"},{"taxonomy":"post_tag","embeddable":true,"href":"https:\/\/www.revistarescatados.com.ar\/web\/wp-json\/wp\/v2\/tags?post=23893"}],"curies":[{"name":"wp","href":"https:\/\/api.w.org\/{rel}","templated":true}]}}