{"id":23901,"date":"2025-04-23T22:43:51","date_gmt":"2025-04-24T01:43:51","guid":{"rendered":"https:\/\/www.revistarescatados.com.ar\/web\/?p=23901"},"modified":"2025-04-23T22:43:51","modified_gmt":"2025-04-24T01:43:51","slug":"prorrogan-y-amplian-del-estado-de-emergencia-y-desastre-agropecuario-en-la-provincia-de-santa-fe","status":"publish","type":"post","link":"https:\/\/www.revistarescatados.com.ar\/web\/2025\/04\/23\/prorrogan-y-amplian-del-estado-de-emergencia-y-desastre-agropecuario-en-la-provincia-de-santa-fe\/","title":{"rendered":"Prorrogan y ampl\u00edan del Estado de Emergencia y Desastre Agropecuario en la provincia de Santa Fe"},"content":{"rendered":"<p>&nbsp;<\/p>\n<p><strong>Se oficializ\u00f3 la medida que extiende el plazo desde el 1 de marzo hasta el 31 de agosto de 2025, incluyendo nuevas localidades y ampliando la cobertura en las regiones m\u00e1s perjudicadas por la sequ\u00eda reinante. La medida -solicitada oportunamente por el Gobierno provincial- implica un alivio fiscal concreto para los productores afectados, que se suma a las acciones ya dispuestas por el gobierno santafesino.<\/strong><\/p>\n<p><img loading=\"lazy\" class=\"aligncenter size-large wp-image-23902\" src=\"http:\/\/www.revistarescatados.com.ar\/web\/wp-content\/uploads\/2025\/04\/sequia-1024x575.jpg\" alt=\"\" width=\"1024\" height=\"575\" srcset=\"https:\/\/www.revistarescatados.com.ar\/web\/wp-content\/uploads\/2025\/04\/sequia-1024x575.jpg 1024w, https:\/\/www.revistarescatados.com.ar\/web\/wp-content\/uploads\/2025\/04\/sequia-300x168.jpg 300w, https:\/\/www.revistarescatados.com.ar\/web\/wp-content\/uploads\/2025\/04\/sequia-768x431.jpg 768w, https:\/\/www.revistarescatados.com.ar\/web\/wp-content\/uploads\/2025\/04\/sequia.jpg 1140w\" sizes=\"(max-width: 1024px) 100vw, 1024px\" \/><\/p>\n<p>A trav\u00e9s de la Resoluci\u00f3n N\u00ba 504\/2025 del Ministerio de Econom\u00eda de la Naci\u00f3n, se prorrog\u00f3 desde el 1 de marzo hasta el 31 de agosto de 2025 el Estado de Emergencia y Desastre Agropecuario en la provincia de Santa Fe, en el marco de la prolongada sequ\u00eda que afecta las explotaciones agr\u00edcolas en varios distritos. La medida fue homologada oficialmente y publicada en el Bolet\u00edn Oficial, lo que representa un alivio fiscal concreto para los productores santafesinos damnificados por ese fen\u00f3meno clim\u00e1tico.<br \/>\nCabe recordar que la medida fue solicitada mediante el Decreto Provincial N\u00ba 0435\/25 y cuenta ahora con plena vigencia legal, tras haber sido evaluada favorablemente por la Comisi\u00f3n Nacional de Emergencia y Desastres Agropecuarios (CNEYDA) y ratificada por la cartera econ\u00f3mica nacional.<\/p>\n<p><strong>Respuesta al pedido del Gobierno Provincial<\/strong><\/p>\n<p>Al respecto, el ministro de Desarrollo Productivo, Gustavo Puccini, consider\u00f3 que \u201cesta resoluci\u00f3n confirma el acompa\u00f1amiento del Estado nacional a nuestra propuesta y permite que los productores accedan a beneficios fiscales concretos. Desde el gobierno provincial, encabezado por Maximiliano Pullaro, continuamos desplegando todas las herramientas posibles para mitigar el impacto de la sequ\u00eda. A los alivios tributarios se suman tambi\u00e9n l\u00edneas de financiamiento espec\u00edficas que ya est\u00e1n disponibles\u201d, destac\u00f3.<\/p>\n<p>Por su parte, el secretario de Agricultura y Ganader\u00eda de Santa Fe, Ignacio M\u00e1ntaras, indic\u00f3 que \u201cla oficializaci\u00f3n de esta medida permite a los productores afectados acceder a la pr\u00f3rroga en el pago de impuestos nacionales, exenciones y deducciones especiales. Esto demuestra el compromiso firme del Gobierno de Santa Fe con el sector productivo\u201d, remarc\u00f3.<\/p>\n<p><strong>Aplicaci\u00f3n de la medida<\/strong><\/p>\n<p>La homologaci\u00f3n del Gobierno Nacional de la pr\u00f3rroga y ampliaci\u00f3n de la Emergencia Agropecuaria en la provincia de Santa Fe tiene car\u00e1cter retroactivo, desde el 1 de marzo de 2025 y hasta el 31 de agosto de 2025, y comprende explotaciones agropecuarias afectadas por la sequ\u00eda en los departamentos de 9 de Julio, Vera, General Obligado, San Crist\u00f3bal, San Justo y San Javier.<\/p>\n<p>Tambi\u00e9n abarca localidades espec\u00edficas del departamento Las Colonias como Elisa, Jacinto L. Arauz, Ituzaing\u00f3, La Pelada, Soutomayor, Providencia, Mar\u00eda Luisa, Santo Domingo, Progreso, Hipatia y Sarmiento; y del departamento Castellanos, como Marini, Eusebia, Fidela, Colonia Bigand, Hugentobler, Eguzquiza, Aldao, Lehmann, Sunchales, Colonia Bicha, Ataliva, Galisteo, Tacurales, Tacural, Raquel, Humberto I, Virginia y Mau\u00e1.<\/p>\n<p><strong>C\u00f3mo acceder a los beneficios que otorga el Gobierno Provincial<\/strong><\/p>\n<p>Las exenciones fiscales alcanzar\u00e1n a:<\/p>\n<p>* Productores con certificado de desastre agropecuario: exenci\u00f3n total (100%) del Impuesto Inmobiliario Rural (cuotas 2, 3 y 4 del calendario de la Administraci\u00f3n Provincial de Impuestos -API-.<\/p>\n<p>* Productores con certificado de emergencia agropecuaria: pr\u00f3rroga en el vencimiento de esas cuotas. Quienes ya hayan abonado las cuotas, podr\u00e1n acceder a un cr\u00e9dito fiscal o devoluci\u00f3n, seg\u00fan disponga la API.<\/p>\n<p>Para acceder a estos beneficios, los productores agropecuarios interesados podr\u00e1n acceder a https:\/\/www.santafe.gov.ar\/emergencia-agro\/; en tanto, los productores ap\u00edcolas deber\u00e1n hacerlo a https:\/\/www.santafe.gob.ar\/proap\/.<\/p>\n<p><strong>L\u00edneas de financiamiento disponibles<\/strong><\/p>\n<p>El Ministerio de Desarrollo Productivo de Santa Fe dispone adem\u00e1s de dos l\u00edneas de cr\u00e9dito para productores con certificado de emergencia o desastre:<\/p>\n<p>* 1. Capital Aguadas: tasa: 0%, plazo de 18 meses (6 de gracia + 12 cuotas), monto m\u00e1ximo de 4,5 millones de pesos, destinado a infraestructura h\u00eddrica (molinos, bombas, represas, etc.)<\/p>\n<p>* 2. Gastos Operativos o Corrientes: tasa: 0%, plazo 18 meses (6 de gracia + 12 cuotas), monto m\u00e1ximo de 4 millones de pesos, para compra de forraje, combustible, acarreo de agua y otros gastos operativos.<\/p>\n<p>Para acceder a los cr\u00e9ditos ingresar a <a href=\"https:\/\/www.santafe.gob.ar\/afem\"><strong>https:\/\/www.santafe.gob.ar\/afem<\/strong><\/a>.<br \/>\nLos productores deber\u00e1n elegir la Agencia o Asociaci\u00f3n m\u00e1s cercana para completar el tr\u00e1mite.<\/p>\n<p>Para m\u00e1s informaci\u00f3n, comunicarse a Emergencia Agropecuaria, tel\u00e9fono 0342-4505300 (interno 4198\/4134), whatsApp 342-5390025; Cr\u00e9ditos AFEM, WhatsApp 342-6400191; o personalmente a Bulevar Pellegrini 3100, en la ciudad de Santa Fe.<\/p>\n<p>&nbsp;<\/p>\n","protected":false},"excerpt":{"rendered":"<p>&nbsp; Se oficializ\u00f3 la medida que extiende el plazo desde el 1 de marzo hasta el 31 de agosto de 2025, incluyendo nuevas localidades y ampliando la cobertura en las regiones m\u00e1s&#46;&#46;&#46;<\/p>\n","protected":false},"author":1,"featured_media":23902,"comment_status":"closed","ping_status":"closed","sticky":false,"template":"","format":"standard","meta":[],"categories":[3,16,10,12],"tags":[],"_links":{"self":[{"href":"https:\/\/www.revistarescatados.com.ar\/web\/wp-json\/wp\/v2\/posts\/23901"}],"collection":[{"href":"https:\/\/www.revistarescatados.com.ar\/web\/wp-json\/wp\/v2\/posts"}],"about":[{"href":"https:\/\/www.revistarescatados.com.ar\/web\/wp-json\/wp\/v2\/types\/post"}],"author":[{"embeddable":true,"href":"https:\/\/www.revistarescatados.com.ar\/web\/wp-json\/wp\/v2\/users\/1"}],"replies":[{"embeddable":true,"href":"https:\/\/www.revistarescatados.com.ar\/web\/wp-json\/wp\/v2\/comments?post=23901"}],"version-history":[{"count":1,"href":"https:\/\/www.revistarescatados.com.ar\/web\/wp-json\/wp\/v2\/posts\/23901\/revisions"}],"predecessor-version":[{"id":23903,"href":"https:\/\/www.revistarescatados.com.ar\/web\/wp-json\/wp\/v2\/posts\/23901\/revisions\/23903"}],"wp:featuredmedia":[{"embeddable":true,"href":"https:\/\/www.revistarescatados.com.ar\/web\/wp-json\/wp\/v2\/media\/23902"}],"wp:attachment":[{"href":"https:\/\/www.revistarescatados.com.ar\/web\/wp-json\/wp\/v2\/media?parent=23901"}],"wp:term":[{"taxonomy":"category","embeddable":true,"href":"https:\/\/www.revistarescatados.com.ar\/web\/wp-json\/wp\/v2\/categories?post=23901"},{"taxonomy":"post_tag","embeddable":true,"href":"https:\/\/www.revistarescatados.com.ar\/web\/wp-json\/wp\/v2\/tags?post=23901"}],"curies":[{"name":"wp","href":"https:\/\/api.w.org\/{rel}","templated":true}]}}