{"id":23929,"date":"2025-04-25T17:12:44","date_gmt":"2025-04-25T20:12:44","guid":{"rendered":"https:\/\/www.revistarescatados.com.ar\/web\/?p=23929"},"modified":"2025-04-25T17:12:44","modified_gmt":"2025-04-25T20:12:44","slug":"ya-son-seis-las-nuevas-aulas-en-funcionamiento-en-escuelas-del-departamento-san-justo","status":"publish","type":"post","link":"https:\/\/www.revistarescatados.com.ar\/web\/2025\/04\/25\/ya-son-seis-las-nuevas-aulas-en-funcionamiento-en-escuelas-del-departamento-san-justo\/","title":{"rendered":"Ya son seis las nuevas aulas en funcionamiento en escuelas del departamento San Justo"},"content":{"rendered":"<p>&nbsp;<\/p>\n<p><strong>As\u00ed lo confirm\u00f3 el Senador Provincial Rodrigo Borla luego de que se habilitaron dos nuevos espacios para el dictado de clases en escuelas de la localidad de Gobernador Crespo.<\/strong><\/p>\n<p><img loading=\"lazy\" class=\"aligncenter size-large wp-image-23587\" src=\"http:\/\/www.revistarescatados.com.ar\/web\/wp-content\/uploads\/2025\/03\/inaugur-aula-3-1024x768.jpg\" alt=\"\" width=\"1024\" height=\"768\" srcset=\"https:\/\/www.revistarescatados.com.ar\/web\/wp-content\/uploads\/2025\/03\/inaugur-aula-3-1024x768.jpg 1024w, https:\/\/www.revistarescatados.com.ar\/web\/wp-content\/uploads\/2025\/03\/inaugur-aula-3-300x225.jpg 300w, https:\/\/www.revistarescatados.com.ar\/web\/wp-content\/uploads\/2025\/03\/inaugur-aula-3-768x576.jpg 768w, https:\/\/www.revistarescatados.com.ar\/web\/wp-content\/uploads\/2025\/03\/inaugur-aula-3-1536x1152.jpg 1536w, https:\/\/www.revistarescatados.com.ar\/web\/wp-content\/uploads\/2025\/03\/inaugur-aula-3.jpg 1600w\" sizes=\"(max-width: 1024px) 100vw, 1024px\" \/><\/p>\n<p>\u201cEstamos logrando de esta manera que docentes y estudiantes puedan trabajar mejor. Seguir sumando espacios y equipamiento para la educaci\u00f3n de ni\u00f1os y adolescentes de las escuelas no s\u00f3lo en este territorio sino en toda la provincia es trascendental para su desarrollo escolar y su formaci\u00f3n educativa\u201d, sostuvo Borla.<\/p>\n<p>Cabe destacar entonces, que en el marco del Programa Mil Aulas del Gobierno de la Provincia, las dos nuevas aulas inauguradas pertenecen, una a la Escuela Primaria N\u00b0523 &#8220;Domingo F. Sarmiento&#8221; y la otra a la Escuela de Educaci\u00f3n T\u00e9cnica N\u00b0687 de la localidad ubicada hacia el norte del departamento San Justo.<\/p>\n<p>\u201cQuiero felicitar a las comunidades educativas de ambas escuelas, a los directivos y familias, por la dedicaci\u00f3n y esfuerzo que d\u00eda a d\u00eda generan para que un futuro mejor sea posible. Y al Gobernador de Santa Fe, Maximiliano Pullaro y al Ministro de Educaci\u00f3n, Jos\u00e9 Goity, por su gesti\u00f3n para que esto sea una realidad\u201d\u2026, remarc\u00f3 el Senador Por San Justo Rodrigo Borla.<\/p>\n<p><strong>EN N\u00daMEROS.<\/strong><\/p>\n<p>En total, a trav\u00e9s del programa del Ministerio de Educaci\u00f3n el departamento San Justo firm\u00f3 convenio para la ejecuci\u00f3n de un total de 19 espacios para el dictado de clases en distintos establecimientos educativos distribuidos a lo largo y lo ancho de todo el territorio. Por lo tanto, hasta el momento se han habilitado seis, mientras que otros trece est\u00e1n en ejecuci\u00f3n y o inminente comienzo de obras.<\/p>\n<p>&nbsp;<\/p>\n","protected":false},"excerpt":{"rendered":"<p>&nbsp; As\u00ed lo confirm\u00f3 el Senador Provincial Rodrigo Borla luego de que se habilitaron dos nuevos espacios para el dictado de clases en escuelas de la localidad de Gobernador Crespo. \u201cEstamos logrando&#46;&#46;&#46;<\/p>\n","protected":false},"author":1,"featured_media":23587,"comment_status":"closed","ping_status":"closed","sticky":false,"template":"","format":"standard","meta":[],"categories":[4,16,15,10],"tags":[],"_links":{"self":[{"href":"https:\/\/www.revistarescatados.com.ar\/web\/wp-json\/wp\/v2\/posts\/23929"}],"collection":[{"href":"https:\/\/www.revistarescatados.com.ar\/web\/wp-json\/wp\/v2\/posts"}],"about":[{"href":"https:\/\/www.revistarescatados.com.ar\/web\/wp-json\/wp\/v2\/types\/post"}],"author":[{"embeddable":true,"href":"https:\/\/www.revistarescatados.com.ar\/web\/wp-json\/wp\/v2\/users\/1"}],"replies":[{"embeddable":true,"href":"https:\/\/www.revistarescatados.com.ar\/web\/wp-json\/wp\/v2\/comments?post=23929"}],"version-history":[{"count":1,"href":"https:\/\/www.revistarescatados.com.ar\/web\/wp-json\/wp\/v2\/posts\/23929\/revisions"}],"predecessor-version":[{"id":23930,"href":"https:\/\/www.revistarescatados.com.ar\/web\/wp-json\/wp\/v2\/posts\/23929\/revisions\/23930"}],"wp:featuredmedia":[{"embeddable":true,"href":"https:\/\/www.revistarescatados.com.ar\/web\/wp-json\/wp\/v2\/media\/23587"}],"wp:attachment":[{"href":"https:\/\/www.revistarescatados.com.ar\/web\/wp-json\/wp\/v2\/media?parent=23929"}],"wp:term":[{"taxonomy":"category","embeddable":true,"href":"https:\/\/www.revistarescatados.com.ar\/web\/wp-json\/wp\/v2\/categories?post=23929"},{"taxonomy":"post_tag","embeddable":true,"href":"https:\/\/www.revistarescatados.com.ar\/web\/wp-json\/wp\/v2\/tags?post=23929"}],"curies":[{"name":"wp","href":"https:\/\/api.w.org\/{rel}","templated":true}]}}