{"id":23934,"date":"2025-04-28T09:13:32","date_gmt":"2025-04-28T12:13:32","guid":{"rendered":"https:\/\/www.revistarescatados.com.ar\/web\/?p=23934"},"modified":"2025-04-28T09:13:32","modified_gmt":"2025-04-28T12:13:32","slug":"rodrigo-borla-en-el-cierre-de-la-semana-de-los-pueblos-originarios","status":"publish","type":"post","link":"https:\/\/www.revistarescatados.com.ar\/web\/2025\/04\/28\/rodrigo-borla-en-el-cierre-de-la-semana-de-los-pueblos-originarios\/","title":{"rendered":"Rodrigo Borla en el cierre de la semana de los pueblos originarios"},"content":{"rendered":"<p>&nbsp;<\/p>\n<p><strong>El Senador Provincial por el Departamento San Justo particip\u00f3 este fin de semana de los actos conmemorativos que se llevaron a cabo en la localidad de Colonia Dolores, ubicada al noreste del territorio.<\/strong><\/p>\n<p><img loading=\"lazy\" class=\"aligncenter size-large wp-image-23935\" src=\"http:\/\/www.revistarescatados.com.ar\/web\/wp-content\/uploads\/2025\/04\/finde-2-1024x768.jpg\" alt=\"\" width=\"1024\" height=\"768\" srcset=\"https:\/\/www.revistarescatados.com.ar\/web\/wp-content\/uploads\/2025\/04\/finde-2-1024x768.jpg 1024w, https:\/\/www.revistarescatados.com.ar\/web\/wp-content\/uploads\/2025\/04\/finde-2-300x225.jpg 300w, https:\/\/www.revistarescatados.com.ar\/web\/wp-content\/uploads\/2025\/04\/finde-2-768x576.jpg 768w, https:\/\/www.revistarescatados.com.ar\/web\/wp-content\/uploads\/2025\/04\/finde-2.jpg 1080w\" sizes=\"(max-width: 1024px) 100vw, 1024px\" \/><\/p>\n<p>Cabe destacar que el 90 por ciento de los habitantes de esa poblaci\u00f3n tienen sus ra\u00edces en el pueblo originario Mocov\u00ed. Su lengua forma parte de la familia ling\u00fc\u00edstica mataco-guaicur\u00fa y perdura en algunas de las zonas que habitan, como en este caso en Santa Fe y las provincias de Chaco y Formosa.<\/p>\n<p>En cuanto a las celebraciones, son muy profundas y representativas ya que la semana de los pueblos originarios tiene como objetivo valorar y reconocer la importancia de las culturas preexistentes en nuestro pa\u00eds, promoviendo su participaci\u00f3n en la construcci\u00f3n de pol\u00edticas p\u00fablicas y ampliando sus derechos en el \u00e1mbito de la Educaci\u00f3n, la Salud y el acceso a la tierra.<\/p>\n<p>Por otra parte, en un fin de semana cargado de actividades en distintas localidades del Departamento San Justo, el Senador Rodrigo Borla tambi\u00e9n asisti\u00f3 en Nar\u00e9, localidad ubicada al sur este del territorio, al tradicional festival de jineteada y bailanta de la agrupaci\u00f3n La Ceibalera de la familia Sotini. Evento que ya es un cl\u00e1sico en la regi\u00f3n.<\/p>\n<p>En tanto, el actual titular del bloque oficialista en la C\u00e1mara Alta de la Legislatura Santafesina tambi\u00e9n se hizo presente en Marcelino Escalada en los festejos por el 40\u00b0 aniversario de la Escuela de Educaci\u00f3n Secundaria N\u00b0359 Bernab\u00e9 Vera.<\/p>\n<p>&nbsp;<\/p>\n<p>Por \u00faltimo, cabe destacar que Rodrigo Borla en la villa Soledad del distrito Colonia Angeloni asisti\u00f3 a los festejos por el 70\u00b0 aniversario del Club Caza y Pesca; en tanto en la ciudad de San Justo estuvo en el reconocimiento a la campeona nacional de ajedrez Micaela Morel y la presentaci\u00f3n de la revista de lucecitas en la Casa de la Cultura.<\/p>\n<p>&nbsp;<\/p>\n","protected":false},"excerpt":{"rendered":"<p>&nbsp; El Senador Provincial por el Departamento San Justo particip\u00f3 este fin de semana de los actos conmemorativos que se llevaron a cabo en la localidad de Colonia Dolores, ubicada al noreste&#46;&#46;&#46;<\/p>\n","protected":false},"author":1,"featured_media":23935,"comment_status":"closed","ping_status":"closed","sticky":false,"template":"","format":"standard","meta":[],"categories":[7,4,16,10,8],"tags":[],"_links":{"self":[{"href":"https:\/\/www.revistarescatados.com.ar\/web\/wp-json\/wp\/v2\/posts\/23934"}],"collection":[{"href":"https:\/\/www.revistarescatados.com.ar\/web\/wp-json\/wp\/v2\/posts"}],"about":[{"href":"https:\/\/www.revistarescatados.com.ar\/web\/wp-json\/wp\/v2\/types\/post"}],"author":[{"embeddable":true,"href":"https:\/\/www.revistarescatados.com.ar\/web\/wp-json\/wp\/v2\/users\/1"}],"replies":[{"embeddable":true,"href":"https:\/\/www.revistarescatados.com.ar\/web\/wp-json\/wp\/v2\/comments?post=23934"}],"version-history":[{"count":1,"href":"https:\/\/www.revistarescatados.com.ar\/web\/wp-json\/wp\/v2\/posts\/23934\/revisions"}],"predecessor-version":[{"id":23936,"href":"https:\/\/www.revistarescatados.com.ar\/web\/wp-json\/wp\/v2\/posts\/23934\/revisions\/23936"}],"wp:featuredmedia":[{"embeddable":true,"href":"https:\/\/www.revistarescatados.com.ar\/web\/wp-json\/wp\/v2\/media\/23935"}],"wp:attachment":[{"href":"https:\/\/www.revistarescatados.com.ar\/web\/wp-json\/wp\/v2\/media?parent=23934"}],"wp:term":[{"taxonomy":"category","embeddable":true,"href":"https:\/\/www.revistarescatados.com.ar\/web\/wp-json\/wp\/v2\/categories?post=23934"},{"taxonomy":"post_tag","embeddable":true,"href":"https:\/\/www.revistarescatados.com.ar\/web\/wp-json\/wp\/v2\/tags?post=23934"}],"curies":[{"name":"wp","href":"https:\/\/api.w.org\/{rel}","templated":true}]}}