{"id":23937,"date":"2025-04-28T09:22:07","date_gmt":"2025-04-28T12:22:07","guid":{"rendered":"https:\/\/www.revistarescatados.com.ar\/web\/?p=23937"},"modified":"2025-04-28T09:22:07","modified_gmt":"2025-04-28T12:22:07","slug":"mas-de-500-asistentes-participaron-del-sexto-congreso-educativo-en-vera","status":"publish","type":"post","link":"https:\/\/www.revistarescatados.com.ar\/web\/2025\/04\/28\/mas-de-500-asistentes-participaron-del-sexto-congreso-educativo-en-vera\/","title":{"rendered":"M\u00e1s de 500 asistentes participaron del sexto congreso educativo en Vera"},"content":{"rendered":"<p><strong>Fue organizado por el Colegio Superior N\u00ba 42 \u201cDr. Agust\u00edn Luis Rossi\u201d, con el auspicio del senador Osvaldo Sosa, quien hizo \u00a0entrega de la Declaraci\u00f3n de Inter\u00e9s de la C\u00e1mara de Senadores y\u00a0 reflexion\u00f3 sobre la importancia de la educaci\u00f3n en la sociedad.<\/strong><\/p>\n<p>&nbsp;<\/p>\n<p><img loading=\"lazy\" class=\"aligncenter size-full wp-image-23938\" src=\"http:\/\/www.revistarescatados.com.ar\/web\/wp-content\/uploads\/2025\/04\/congreso-educativo-en-Vera.jpg\" alt=\"\" width=\"1024\" height=\"670\" srcset=\"https:\/\/www.revistarescatados.com.ar\/web\/wp-content\/uploads\/2025\/04\/congreso-educativo-en-Vera.jpg 1024w, https:\/\/www.revistarescatados.com.ar\/web\/wp-content\/uploads\/2025\/04\/congreso-educativo-en-Vera-300x196.jpg 300w, https:\/\/www.revistarescatados.com.ar\/web\/wp-content\/uploads\/2025\/04\/congreso-educativo-en-Vera-768x503.jpg 768w\" sizes=\"(max-width: 1024px) 100vw, 1024px\" \/><\/p>\n<p>M\u00e1s de 500 inscriptos participaron de una capacitaci\u00f3n a cargo de profesionales de primer nivel bajo la consigna \u201cOficio docente: Saberes situados y calidad educativa\u201d<\/p>\n<p>El acto de apertura cont\u00f3 con la presencia del rector Walter Pigh\u00edn junto al equipo directivo de los distintos niveles, el senador Osvaldo Sosa; la intendente Paula Mitre, el jefe de la Unidad Regional XIX, Eduardo Arias; la delegada seccional de Amsafe Vera Nelcy Suligoy; por Mutual Maestra lo hizo Andr\u00e9s Nigra, junto a supervisores, profesores y alumnos.<\/p>\n<p>Luego de las palabras de bienvenida a cargo del rector Walter Pigh\u00edn, quien agradeci\u00f3 \u201cel aporte brindado por las autoridades pol\u00edticas de la ciudad y el departamento, a Amsafe y Mutual Maestra, adem\u00e1s de todos \u201clos que hicieron posible la realizaci\u00f3n de este Congreso, pese a todas las vicisitudes, como un lugar de encuentro que es una forma de superar nuestras propias limitaciones\u201d.<\/p>\n<p>\u201cDefendemos este congreso porque entendemos a la educaci\u00f3n como un derecho humano y un bien social, porque asumimos la defensa de la educaci\u00f3n p\u00fablica y gratuita como principio fundamental de la transformaci\u00f3n social\u201d, se\u00f1al\u00f3.<\/p>\n<p>Cabe mencionar que el evento fue declarado \u201cde inter\u00e9s educativo\u201d por parte del Concejo Municipal, lo mismo que en la C\u00e1mara de Senadores, en cuya entrega el senador Osvaldo Sosa destac\u00f3 \u201cel valor y la importancia de un congreso en el que confiamos, tenemos un camino a recorrer centrado en la escuela p\u00fablica y en ese trayecto vamos a encontrar los actores necesarios para defender lo que estamos haciendo\u201d.<\/p>\n<p>Pero dirigi\u00e9ndose a los docentes y estudiantes participantes les dijo: \u201cUstedes son los verdaderos protagonistas porque van a recibir una capacitaci\u00f3n por parte de una calidad extraordinaria de disertantes con quienes, adem\u00e1s, tenemos una unidad de concepci\u00f3n\u201d.<\/p>\n<p>Destac\u00f3 que \u201ceste congreso es \u00fanico en la provincia y que, de extenderse a otros departamentos, contar\u00e1 con nuestro apoyo\u201d.<\/p>\n<p>Seguidamente el artista pl\u00e1stico Leonel Alcaraz explic\u00f3 su participaci\u00f3n con la exposici\u00f3n de cuadros pertenecientes a la serie \u201cFragilidad\u201d.<\/p>\n<p>Concluido el acto se procedi\u00f3 a cumplir con las actividades programadas que comenzaron con la charla de Adriana Monteverde con \u201cLas luchas docentes con perspectivas de g\u00e9nero y diversidad\u201d; Sandra Equis abord\u00f3 \u201cLa pasi\u00f3n por ense\u00f1ar en la formaci\u00f3n docente\u201d; Marta Zamero habl\u00f3 sobre \u201cLa alfabetizaci\u00f3n en los actuales contextos sociales e institucionales\u201d; Estrella Matt\u00eda expuso sobre el tema \u201cEscribir la historia m\u00e1s all\u00e1 de los textos informativos\u201d y la \u00faltima charla estuvo a cargo de Ramiro Lezcano sobre \u201cEducaci\u00f3n y lenguaje art\u00edstico\u201d.<\/p>\n<p>El encuentro concluy\u00f3 la entrega de certificados y un cierre art\u00edstico.<\/p>\n<p>Fuente: Letyana Press<\/p>\n","protected":false},"excerpt":{"rendered":"<p>Fue organizado por el Colegio Superior N\u00ba 42 \u201cDr. Agust\u00edn Luis Rossi\u201d, con el auspicio del senador Osvaldo Sosa, quien hizo \u00a0entrega de la Declaraci\u00f3n de Inter\u00e9s de la C\u00e1mara de Senadores&#46;&#46;&#46;<\/p>\n","protected":false},"author":1,"featured_media":23938,"comment_status":"closed","ping_status":"closed","sticky":false,"template":"","format":"standard","meta":[],"categories":[3,16,15,10],"tags":[],"_links":{"self":[{"href":"https:\/\/www.revistarescatados.com.ar\/web\/wp-json\/wp\/v2\/posts\/23937"}],"collection":[{"href":"https:\/\/www.revistarescatados.com.ar\/web\/wp-json\/wp\/v2\/posts"}],"about":[{"href":"https:\/\/www.revistarescatados.com.ar\/web\/wp-json\/wp\/v2\/types\/post"}],"author":[{"embeddable":true,"href":"https:\/\/www.revistarescatados.com.ar\/web\/wp-json\/wp\/v2\/users\/1"}],"replies":[{"embeddable":true,"href":"https:\/\/www.revistarescatados.com.ar\/web\/wp-json\/wp\/v2\/comments?post=23937"}],"version-history":[{"count":1,"href":"https:\/\/www.revistarescatados.com.ar\/web\/wp-json\/wp\/v2\/posts\/23937\/revisions"}],"predecessor-version":[{"id":23939,"href":"https:\/\/www.revistarescatados.com.ar\/web\/wp-json\/wp\/v2\/posts\/23937\/revisions\/23939"}],"wp:featuredmedia":[{"embeddable":true,"href":"https:\/\/www.revistarescatados.com.ar\/web\/wp-json\/wp\/v2\/media\/23938"}],"wp:attachment":[{"href":"https:\/\/www.revistarescatados.com.ar\/web\/wp-json\/wp\/v2\/media?parent=23937"}],"wp:term":[{"taxonomy":"category","embeddable":true,"href":"https:\/\/www.revistarescatados.com.ar\/web\/wp-json\/wp\/v2\/categories?post=23937"},{"taxonomy":"post_tag","embeddable":true,"href":"https:\/\/www.revistarescatados.com.ar\/web\/wp-json\/wp\/v2\/tags?post=23937"}],"curies":[{"name":"wp","href":"https:\/\/api.w.org\/{rel}","templated":true}]}}