{"id":2394,"date":"2018-10-16T12:57:11","date_gmt":"2018-10-16T15:57:11","guid":{"rendered":"http:\/\/www.revistarescatados.com.ar\/web\/?p=2394"},"modified":"2018-10-16T12:57:11","modified_gmt":"2018-10-16T15:57:11","slug":"rojas-participo-en-las-fiestas-populares-de-la-gallareta-y-canada-ombu","status":"publish","type":"post","link":"https:\/\/www.revistarescatados.com.ar\/web\/2018\/10\/16\/rojas-participo-en-las-fiestas-populares-de-la-gallareta-y-canada-ombu\/","title":{"rendered":"ROJAS PARTICIP\u00d3 EN LAS FIESTAS POPULARES DE LA GALLARETA Y CA\u00d1ADA OMB\u00da"},"content":{"rendered":"<p>&nbsp;<\/p>\n<p><img loading=\"lazy\" class=\"aligncenter size-full wp-image-2396\" src=\"http:\/\/www.revistarescatados.com.ar\/web\/wp-content\/uploads\/2018\/10\/La-Gallareta.jpg\" alt=\"\" width=\"1280\" height=\"856\" srcset=\"https:\/\/www.revistarescatados.com.ar\/web\/wp-content\/uploads\/2018\/10\/La-Gallareta.jpg 1280w, https:\/\/www.revistarescatados.com.ar\/web\/wp-content\/uploads\/2018\/10\/La-Gallareta-300x201.jpg 300w, https:\/\/www.revistarescatados.com.ar\/web\/wp-content\/uploads\/2018\/10\/La-Gallareta-768x514.jpg 768w, https:\/\/www.revistarescatados.com.ar\/web\/wp-content\/uploads\/2018\/10\/La-Gallareta-1024x685.jpg 1024w\" sizes=\"(max-width: 1280px) 100vw, 1280px\" \/><br \/>\n<strong><span style=\"color: #0000ff;\">El coordinador del Plan del Norte, Sergio Rojas, estuvo presente en la 34\u00b0 Fiesta del Amigo y la 3\u00b0 Festival Provincial Homenaje al Pe\u00f3n Rural durante el fin de semana.<\/span><\/strong><\/p>\n<p>\u201cSiempre es bueno ser parte de los festejos populares del departamento Vera y compartir con los vecinos de las diferentes localidades, as\u00ed como conservar nuestras tradiciones y continuar apostando a la identidad y arraigo en nuestro norte santafesino\u201d, explic\u00f3 Rojas.<\/p>\n<p>El coordinador rescat\u00f3 \u201cla organizaci\u00f3n de ambos eventos por parte de los presidentes comunales Fernando Nicola y Armando \u2018Totino\u2019 Quintana, la pasi\u00f3n de todos aquellos que colaboraron, y el empe\u00f1o, el esfuerzo y dedicaci\u00f3n puestos en cada detalle. Por eso, felicito a todos ellos y anhelo que nuestras fiestas sigan creciendo, en beneficio de nuestra cultural popular y los habitantes del norte\u201d.<\/p>\n<p><img loading=\"lazy\" class=\"aligncenter size-full wp-image-2395\" src=\"http:\/\/www.revistarescatados.com.ar\/web\/wp-content\/uploads\/2018\/10\/Ca\u00f1ada-Omb\u00fa.jpg\" alt=\"\" width=\"1032\" height=\"774\" srcset=\"https:\/\/www.revistarescatados.com.ar\/web\/wp-content\/uploads\/2018\/10\/Ca\u00f1ada-Omb\u00fa.jpg 1032w, https:\/\/www.revistarescatados.com.ar\/web\/wp-content\/uploads\/2018\/10\/Ca\u00f1ada-Omb\u00fa-300x225.jpg 300w, https:\/\/www.revistarescatados.com.ar\/web\/wp-content\/uploads\/2018\/10\/Ca\u00f1ada-Omb\u00fa-768x576.jpg 768w, https:\/\/www.revistarescatados.com.ar\/web\/wp-content\/uploads\/2018\/10\/Ca\u00f1ada-Omb\u00fa-1024x768.jpg 1024w\" sizes=\"(max-width: 1032px) 100vw, 1032px\" \/><\/p>\n<p><span style=\"color: #0000ff;\"><strong>FESTEJOS<\/strong><\/span><\/p>\n<p>La 34\u00b0 Fiesta del Amigo se llev\u00f3 adelante el 12, 13 y 14 de Octubre en la localidad de La Gallareta, mientras que la 3\u00b0 Festival Provincial Homenaje al Pe\u00f3n Rural tuvo lugar en Ca\u00f1ada Omb\u00fa el 13, 14 y 15 de este mes.<\/p>\n","protected":false},"excerpt":{"rendered":"<p>&nbsp; El coordinador del Plan del Norte, Sergio Rojas, estuvo presente en la 34\u00b0 Fiesta del Amigo y la 3\u00b0 Festival Provincial Homenaje al Pe\u00f3n Rural durante el fin de semana. \u201cSiempre&#46;&#46;&#46;<\/p>\n","protected":false},"author":1,"featured_media":2395,"comment_status":"closed","ping_status":"open","sticky":false,"template":"","format":"standard","meta":[],"categories":[7,3,13],"tags":[],"_links":{"self":[{"href":"https:\/\/www.revistarescatados.com.ar\/web\/wp-json\/wp\/v2\/posts\/2394"}],"collection":[{"href":"https:\/\/www.revistarescatados.com.ar\/web\/wp-json\/wp\/v2\/posts"}],"about":[{"href":"https:\/\/www.revistarescatados.com.ar\/web\/wp-json\/wp\/v2\/types\/post"}],"author":[{"embeddable":true,"href":"https:\/\/www.revistarescatados.com.ar\/web\/wp-json\/wp\/v2\/users\/1"}],"replies":[{"embeddable":true,"href":"https:\/\/www.revistarescatados.com.ar\/web\/wp-json\/wp\/v2\/comments?post=2394"}],"version-history":[{"count":1,"href":"https:\/\/www.revistarescatados.com.ar\/web\/wp-json\/wp\/v2\/posts\/2394\/revisions"}],"predecessor-version":[{"id":2397,"href":"https:\/\/www.revistarescatados.com.ar\/web\/wp-json\/wp\/v2\/posts\/2394\/revisions\/2397"}],"wp:featuredmedia":[{"embeddable":true,"href":"https:\/\/www.revistarescatados.com.ar\/web\/wp-json\/wp\/v2\/media\/2395"}],"wp:attachment":[{"href":"https:\/\/www.revistarescatados.com.ar\/web\/wp-json\/wp\/v2\/media?parent=2394"}],"wp:term":[{"taxonomy":"category","embeddable":true,"href":"https:\/\/www.revistarescatados.com.ar\/web\/wp-json\/wp\/v2\/categories?post=2394"},{"taxonomy":"post_tag","embeddable":true,"href":"https:\/\/www.revistarescatados.com.ar\/web\/wp-json\/wp\/v2\/tags?post=2394"}],"curies":[{"name":"wp","href":"https:\/\/api.w.org\/{rel}","templated":true}]}}