{"id":23940,"date":"2025-04-28T09:32:20","date_gmt":"2025-04-28T12:32:20","guid":{"rendered":"https:\/\/www.revistarescatados.com.ar\/web\/?p=23940"},"modified":"2025-04-28T09:32:20","modified_gmt":"2025-04-28T12:32:20","slug":"la-policia-de-calchaqui-recupero-una-moto-y-una-bicicleta-sustraidas-en-la-ciudad","status":"publish","type":"post","link":"https:\/\/www.revistarescatados.com.ar\/web\/2025\/04\/28\/la-policia-de-calchaqui-recupero-una-moto-y-una-bicicleta-sustraidas-en-la-ciudad\/","title":{"rendered":"La polic\u00eda de Calchaqu\u00ed recuper\u00f3 una moto y  una bicicleta sustra\u00eddas en la ciudad"},"content":{"rendered":"<p><strong>Durante el fin de semana, personal de la comisar\u00eda segunda esclareci\u00f3 el hurto de una bicicleta SLP hurtada por un joven como el robo de una moto a una mujer de Calchaqu\u00ed\u00a0 que fue vendida en la localidad de La Criolla<\/strong><\/p>\n<p><img loading=\"lazy\" class=\"aligncenter size-full wp-image-23941\" src=\"http:\/\/www.revistarescatados.com.ar\/web\/wp-content\/uploads\/2025\/04\/moto-y-bici.jpg\" alt=\"\" width=\"464\" height=\"194\" srcset=\"https:\/\/www.revistarescatados.com.ar\/web\/wp-content\/uploads\/2025\/04\/moto-y-bici.jpg 464w, https:\/\/www.revistarescatados.com.ar\/web\/wp-content\/uploads\/2025\/04\/moto-y-bici-300x125.jpg 300w\" sizes=\"(max-width: 464px) 100vw, 464px\" \/><br \/>\nSe esclareci\u00f3 la denuncia radicada el s\u00e1bado 19 de abril a\u00f1o por una mujer domiciliada en Calchaqui, quien diera cuenta que autor\/es ignorados sustrajeron su motovehiculo marca Honda Wave, color rojo.<\/p>\n<p>Mediante diligencias investigativas efectuadas por funcionarios policiales de Calchaqu\u00ed con colaboraci\u00f3n del personal de la Comisaria 7ma de La Criolla, proceden al secuestro preventivo del ciclomotor en la localidad de La Criolla, en poder de un hombre, mayor de edad, quien manifestara haberla adquirido a otra persona.<\/p>\n<p><strong>\u00a0HURTO DE UNA BICICLETA<\/strong><\/p>\n<p>Funcionarios policiales de la Comisaria 2da;de Calchaqu\u00ed en fecha 26\/04\/2025 toman conocimiento mediante la denuncia de un hombre, mayor de edad, quien diera cuenta que autor\/es ignorados sustrajeron su bicicleta marca SLP, color negro con detalles en amarillo y azul, rodado 29 en buen estado de conservaci\u00f3n, que se encontraba estacionada sin medidas de seguridad en la v\u00eda p\u00fablica.<\/p>\n<p>De diligencias investigativas personal de esa Unidad de Orden Publico, establecen que no ser\u00eda ajeno al hecho un joven, mayor de edad domiciliado en ese medio. Interviene Fiscal en turno UFI N\u00ba 4.<\/p>\n","protected":false},"excerpt":{"rendered":"<p>Durante el fin de semana, personal de la comisar\u00eda segunda esclareci\u00f3 el hurto de una bicicleta SLP hurtada por un joven como el robo de una moto a una mujer de Calchaqu\u00ed\u00a0&#46;&#46;&#46;<\/p>\n","protected":false},"author":1,"featured_media":23941,"comment_status":"closed","ping_status":"closed","sticky":false,"template":"","format":"standard","meta":[],"categories":[2,4,3,16,11],"tags":[],"_links":{"self":[{"href":"https:\/\/www.revistarescatados.com.ar\/web\/wp-json\/wp\/v2\/posts\/23940"}],"collection":[{"href":"https:\/\/www.revistarescatados.com.ar\/web\/wp-json\/wp\/v2\/posts"}],"about":[{"href":"https:\/\/www.revistarescatados.com.ar\/web\/wp-json\/wp\/v2\/types\/post"}],"author":[{"embeddable":true,"href":"https:\/\/www.revistarescatados.com.ar\/web\/wp-json\/wp\/v2\/users\/1"}],"replies":[{"embeddable":true,"href":"https:\/\/www.revistarescatados.com.ar\/web\/wp-json\/wp\/v2\/comments?post=23940"}],"version-history":[{"count":1,"href":"https:\/\/www.revistarescatados.com.ar\/web\/wp-json\/wp\/v2\/posts\/23940\/revisions"}],"predecessor-version":[{"id":23942,"href":"https:\/\/www.revistarescatados.com.ar\/web\/wp-json\/wp\/v2\/posts\/23940\/revisions\/23942"}],"wp:featuredmedia":[{"embeddable":true,"href":"https:\/\/www.revistarescatados.com.ar\/web\/wp-json\/wp\/v2\/media\/23941"}],"wp:attachment":[{"href":"https:\/\/www.revistarescatados.com.ar\/web\/wp-json\/wp\/v2\/media?parent=23940"}],"wp:term":[{"taxonomy":"category","embeddable":true,"href":"https:\/\/www.revistarescatados.com.ar\/web\/wp-json\/wp\/v2\/categories?post=23940"},{"taxonomy":"post_tag","embeddable":true,"href":"https:\/\/www.revistarescatados.com.ar\/web\/wp-json\/wp\/v2\/tags?post=23940"}],"curies":[{"name":"wp","href":"https:\/\/api.w.org\/{rel}","templated":true}]}}