{"id":23974,"date":"2025-05-01T15:23:29","date_gmt":"2025-05-01T18:23:29","guid":{"rendered":"https:\/\/www.revistarescatados.com.ar\/web\/?p=23974"},"modified":"2025-05-01T15:23:29","modified_gmt":"2025-05-01T18:23:29","slug":"el-jardin-n-39-maria-montessori-celebro-sus-50-anos-de-historia-en-vera","status":"publish","type":"post","link":"https:\/\/www.revistarescatados.com.ar\/web\/2025\/05\/01\/el-jardin-n-39-maria-montessori-celebro-sus-50-anos-de-historia-en-vera\/","title":{"rendered":"El Jard\u00edn N\u00b0 39 &#8220;Mar\u00eda Montessori&#8221; celebr\u00f3 sus 50 a\u00f1os de historia en Vera"},"content":{"rendered":"<p>&nbsp;<\/p>\n<p><strong>El diputado provincial Sergio \u201cChiqui\u201d Rojas y la concejal Ana Paula Capello estuvieron presentes en el acto conmemorativo y realizaron entregas en reconocimiento a la trayectoria del jard\u00edn.<\/strong><\/p>\n<p><img loading=\"lazy\" class=\"aligncenter size-full wp-image-23975\" src=\"http:\/\/www.revistarescatados.com.ar\/web\/wp-content\/uploads\/2025\/05\/Rojas-en-aniversario-jardin-39.jpg\" alt=\"\" width=\"816\" height=\"616\" srcset=\"https:\/\/www.revistarescatados.com.ar\/web\/wp-content\/uploads\/2025\/05\/Rojas-en-aniversario-jardin-39.jpg 816w, https:\/\/www.revistarescatados.com.ar\/web\/wp-content\/uploads\/2025\/05\/Rojas-en-aniversario-jardin-39-300x226.jpg 300w, https:\/\/www.revistarescatados.com.ar\/web\/wp-content\/uploads\/2025\/05\/Rojas-en-aniversario-jardin-39-768x580.jpg 768w\" sizes=\"(max-width: 816px) 100vw, 816px\" \/><\/p>\n<p>Con un emotivo acto, el Jard\u00edn de Infantes Nucleado N\u00b0 39 \u201cMar\u00eda Montessori\u201d celebr\u00f3 sus 50 a\u00f1os de trayectoria educativa en la ciudad de Vera, este mi\u00e9rcoles 30 de abril. El evento estuvo acompa\u00f1ado por toda su comunidad educativa, ex docentes, ex alumnos, familias y autoridades locales y provinciales.<\/p>\n<p>En el marco del aniversario, el diputado provincial Sergio \u201cChiqui\u201d Rojas particip\u00f3 del evento y entreg\u00f3 una declaraci\u00f3n de inter\u00e9s de la C\u00e1mara de Diputadas y Diputados de la provincia de Santa Fe, destacando el compromiso y el valioso aporte de la instituci\u00f3n a la educaci\u00f3n inicial en el norte Santafesino.<\/p>\n<p>Por su parte, la concejal Ana Paula Capello, junto al resto del cuerpo legislativo local, entreg\u00f3 una placa conmemorativa y declar\u00f3 de inter\u00e9s municipal esta significativa fecha, reconociendo la importancia del jard\u00edn en la formaci\u00f3n de generaciones de ni\u00f1os y ni\u00f1as verenses.<\/p>\n<p>\u201cEste querido Jard\u00edn ha sabido consolidarse, a lo largo de cinco d\u00e9cadas, como un espacio que siembra futuro, acompa\u00f1ando a cada ni\u00f1o y ni\u00f1a en el desarrollo de su autonom\u00eda, creatividad y amor por el aprendizaje\u201d, expres\u00f3 el diputado.<\/p>\n<p>&nbsp;<\/p>\n","protected":false},"excerpt":{"rendered":"<p>&nbsp; El diputado provincial Sergio \u201cChiqui\u201d Rojas y la concejal Ana Paula Capello estuvieron presentes en el acto conmemorativo y realizaron entregas en reconocimiento a la trayectoria del jard\u00edn. Con un emotivo&#46;&#46;&#46;<\/p>\n","protected":false},"author":1,"featured_media":23975,"comment_status":"closed","ping_status":"closed","sticky":false,"template":"","format":"standard","meta":[],"categories":[3,16,10],"tags":[],"_links":{"self":[{"href":"https:\/\/www.revistarescatados.com.ar\/web\/wp-json\/wp\/v2\/posts\/23974"}],"collection":[{"href":"https:\/\/www.revistarescatados.com.ar\/web\/wp-json\/wp\/v2\/posts"}],"about":[{"href":"https:\/\/www.revistarescatados.com.ar\/web\/wp-json\/wp\/v2\/types\/post"}],"author":[{"embeddable":true,"href":"https:\/\/www.revistarescatados.com.ar\/web\/wp-json\/wp\/v2\/users\/1"}],"replies":[{"embeddable":true,"href":"https:\/\/www.revistarescatados.com.ar\/web\/wp-json\/wp\/v2\/comments?post=23974"}],"version-history":[{"count":1,"href":"https:\/\/www.revistarescatados.com.ar\/web\/wp-json\/wp\/v2\/posts\/23974\/revisions"}],"predecessor-version":[{"id":23976,"href":"https:\/\/www.revistarescatados.com.ar\/web\/wp-json\/wp\/v2\/posts\/23974\/revisions\/23976"}],"wp:featuredmedia":[{"embeddable":true,"href":"https:\/\/www.revistarescatados.com.ar\/web\/wp-json\/wp\/v2\/media\/23975"}],"wp:attachment":[{"href":"https:\/\/www.revistarescatados.com.ar\/web\/wp-json\/wp\/v2\/media?parent=23974"}],"wp:term":[{"taxonomy":"category","embeddable":true,"href":"https:\/\/www.revistarescatados.com.ar\/web\/wp-json\/wp\/v2\/categories?post=23974"},{"taxonomy":"post_tag","embeddable":true,"href":"https:\/\/www.revistarescatados.com.ar\/web\/wp-json\/wp\/v2\/tags?post=23974"}],"curies":[{"name":"wp","href":"https:\/\/api.w.org\/{rel}","templated":true}]}}