{"id":23977,"date":"2025-05-01T15:30:17","date_gmt":"2025-05-01T18:30:17","guid":{"rendered":"https:\/\/www.revistarescatados.com.ar\/web\/?p=23977"},"modified":"2025-05-01T15:30:17","modified_gmt":"2025-05-01T18:30:17","slug":"calchaqui-fc-renovo-su-comision-directiva","status":"publish","type":"post","link":"https:\/\/www.revistarescatados.com.ar\/web\/2025\/05\/01\/calchaqui-fc-renovo-su-comision-directiva\/","title":{"rendered":"Calchaqu\u00ed FC renov\u00f3 su comisi\u00f3n directiva"},"content":{"rendered":"<p><strong>Este\u00a0 30 de abril, se llevo a cabo la asamblea de CFC para renovar su comisi\u00f3n directiva, cuyas funciones estar\u00e1n vigentes hasta el a\u00f1o 2028. El empresario V\u00edctor Gabriel Beltramino fue elegido como nuevo presidente del club.<\/strong><\/p>\n<p><img loading=\"lazy\" class=\"aligncenter size-full wp-image-23978\" src=\"http:\/\/www.revistarescatados.com.ar\/web\/wp-content\/uploads\/2025\/05\/Comision-directiva-de-CFC.jpg\" alt=\"\" width=\"598\" height=\"395\" srcset=\"https:\/\/www.revistarescatados.com.ar\/web\/wp-content\/uploads\/2025\/05\/Comision-directiva-de-CFC.jpg 598w, https:\/\/www.revistarescatados.com.ar\/web\/wp-content\/uploads\/2025\/05\/Comision-directiva-de-CFC-300x198.jpg 300w\" sizes=\"(max-width: 598px) 100vw, 598px\" \/><\/p>\n<p>La comisi\u00f3n directiva qued\u00f3 integrada de la siguiente manera:<\/p>\n<p>Presidente: V\u00edctor Gabriel Beltramino<\/p>\n<p>Secretario: V\u00edctor Capello<\/p>\n<p>Tesorero: Leandro Fabian Patricelli<\/p>\n<p>Vocales titulares: Mauricio Mendez, Mauricio Rojas y Gustavo Suligoy.<\/p>\n<p>Vocales suplentes: Livio Beltramino y Jorgelina Zucco.<\/p>\n<p>Revisores de cuentas titulares: Diego Pigh\u00edn, Leandro Pighin y Gustavo Cresp\u00edn.<\/p>\n<p>Revisores de cuentas suplentes: Stefania Liz Petruk y Guillermo Ramua.<\/p>\n<p>&nbsp;<\/p>\n","protected":false},"excerpt":{"rendered":"<p>Este\u00a0 30 de abril, se llevo a cabo la asamblea de CFC para renovar su comisi\u00f3n directiva, cuyas funciones estar\u00e1n vigentes hasta el a\u00f1o 2028. El empresario V\u00edctor Gabriel Beltramino fue elegido&#46;&#46;&#46;<\/p>\n","protected":false},"author":1,"featured_media":23978,"comment_status":"closed","ping_status":"closed","sticky":false,"template":"","format":"standard","meta":[],"categories":[2,3,17,16,10],"tags":[],"_links":{"self":[{"href":"https:\/\/www.revistarescatados.com.ar\/web\/wp-json\/wp\/v2\/posts\/23977"}],"collection":[{"href":"https:\/\/www.revistarescatados.com.ar\/web\/wp-json\/wp\/v2\/posts"}],"about":[{"href":"https:\/\/www.revistarescatados.com.ar\/web\/wp-json\/wp\/v2\/types\/post"}],"author":[{"embeddable":true,"href":"https:\/\/www.revistarescatados.com.ar\/web\/wp-json\/wp\/v2\/users\/1"}],"replies":[{"embeddable":true,"href":"https:\/\/www.revistarescatados.com.ar\/web\/wp-json\/wp\/v2\/comments?post=23977"}],"version-history":[{"count":1,"href":"https:\/\/www.revistarescatados.com.ar\/web\/wp-json\/wp\/v2\/posts\/23977\/revisions"}],"predecessor-version":[{"id":23979,"href":"https:\/\/www.revistarescatados.com.ar\/web\/wp-json\/wp\/v2\/posts\/23977\/revisions\/23979"}],"wp:featuredmedia":[{"embeddable":true,"href":"https:\/\/www.revistarescatados.com.ar\/web\/wp-json\/wp\/v2\/media\/23978"}],"wp:attachment":[{"href":"https:\/\/www.revistarescatados.com.ar\/web\/wp-json\/wp\/v2\/media?parent=23977"}],"wp:term":[{"taxonomy":"category","embeddable":true,"href":"https:\/\/www.revistarescatados.com.ar\/web\/wp-json\/wp\/v2\/categories?post=23977"},{"taxonomy":"post_tag","embeddable":true,"href":"https:\/\/www.revistarescatados.com.ar\/web\/wp-json\/wp\/v2\/tags?post=23977"}],"curies":[{"name":"wp","href":"https:\/\/api.w.org\/{rel}","templated":true}]}}