{"id":23997,"date":"2025-05-07T01:24:10","date_gmt":"2025-05-07T04:24:10","guid":{"rendered":"https:\/\/www.revistarescatados.com.ar\/web\/?p=23997"},"modified":"2025-05-07T01:24:10","modified_gmt":"2025-05-07T04:24:10","slug":"alumnos-del-departamento-san-justo-juraron-lealtad-a-la-constitucion-nacional","status":"publish","type":"post","link":"https:\/\/www.revistarescatados.com.ar\/web\/2025\/05\/07\/alumnos-del-departamento-san-justo-juraron-lealtad-a-la-constitucion-nacional\/","title":{"rendered":"Alumnos del departamento San Justo juraron lealtad a la Constituci\u00f3n Nacional"},"content":{"rendered":"<p><strong>El acto se llev\u00f3 a cabo en el Museo de la Constituci\u00f3n de la Ciudad de Santa Fe. Participaron alumnos secundarios de las EESO N\u00b0315, EESO N\u00b0532, EESO N\u00b0714 y EETP N\u00b0315.\u00a0 &#8220;Fueron part\u00edcipes de un encuentro emotivo y trascendental en su vida estudiantil&#8221;, destac\u00f3 el senador Rodrigo Borla.<\/strong><\/p>\n<p><img loading=\"lazy\" class=\"aligncenter size-full wp-image-23998\" src=\"http:\/\/www.revistarescatados.com.ar\/web\/wp-content\/uploads\/2025\/05\/lealtad-a-la-constitucion.jpg\" alt=\"\" width=\"720\" height=\"540\" srcset=\"https:\/\/www.revistarescatados.com.ar\/web\/wp-content\/uploads\/2025\/05\/lealtad-a-la-constitucion.jpg 720w, https:\/\/www.revistarescatados.com.ar\/web\/wp-content\/uploads\/2025\/05\/lealtad-a-la-constitucion-300x225.jpg 300w\" sizes=\"(max-width: 720px) 100vw, 720px\" \/><br \/>\nEl gobernador de Santa Fe, Maximiliano Pullaro, encabez\u00f3 este acto de Toma de Promesa de Lealtad a la Constituci\u00f3n Nacional a unos 3.000 estudiantes de tercer a\u00f1o de escuelas secundarias de la ciudad capital, y de los departamentos Las Colonias y San Justo de la provincia de Santa Fe.<\/p>\n<p>En un momento en que Santa Fe discute su propia reforma constitucional, el encuentro adquiere una relevancia especial, invitando a renovar el compromiso con los principios democr\u00e1ticos y a seguir construyendo una provincia m\u00e1s justa.<br \/>\n&#8220;Gracias a cada uno de los chicos, sus familias, docentes y directivos por generar un momento tan especial.&#8221; declar\u00f3 el Legislador Borla.<\/p>\n","protected":false},"excerpt":{"rendered":"<p>El acto se llev\u00f3 a cabo en el Museo de la Constituci\u00f3n de la Ciudad de Santa Fe. Participaron alumnos secundarios de las EESO N\u00b0315, EESO N\u00b0532, EESO N\u00b0714 y EETP N\u00b0315.\u00a0&#46;&#46;&#46;<\/p>\n","protected":false},"author":1,"featured_media":23998,"comment_status":"closed","ping_status":"closed","sticky":false,"template":"","format":"standard","meta":[],"categories":[4,16,15,10],"tags":[],"_links":{"self":[{"href":"https:\/\/www.revistarescatados.com.ar\/web\/wp-json\/wp\/v2\/posts\/23997"}],"collection":[{"href":"https:\/\/www.revistarescatados.com.ar\/web\/wp-json\/wp\/v2\/posts"}],"about":[{"href":"https:\/\/www.revistarescatados.com.ar\/web\/wp-json\/wp\/v2\/types\/post"}],"author":[{"embeddable":true,"href":"https:\/\/www.revistarescatados.com.ar\/web\/wp-json\/wp\/v2\/users\/1"}],"replies":[{"embeddable":true,"href":"https:\/\/www.revistarescatados.com.ar\/web\/wp-json\/wp\/v2\/comments?post=23997"}],"version-history":[{"count":1,"href":"https:\/\/www.revistarescatados.com.ar\/web\/wp-json\/wp\/v2\/posts\/23997\/revisions"}],"predecessor-version":[{"id":23999,"href":"https:\/\/www.revistarescatados.com.ar\/web\/wp-json\/wp\/v2\/posts\/23997\/revisions\/23999"}],"wp:featuredmedia":[{"embeddable":true,"href":"https:\/\/www.revistarescatados.com.ar\/web\/wp-json\/wp\/v2\/media\/23998"}],"wp:attachment":[{"href":"https:\/\/www.revistarescatados.com.ar\/web\/wp-json\/wp\/v2\/media?parent=23997"}],"wp:term":[{"taxonomy":"category","embeddable":true,"href":"https:\/\/www.revistarescatados.com.ar\/web\/wp-json\/wp\/v2\/categories?post=23997"},{"taxonomy":"post_tag","embeddable":true,"href":"https:\/\/www.revistarescatados.com.ar\/web\/wp-json\/wp\/v2\/tags?post=23997"}],"curies":[{"name":"wp","href":"https:\/\/api.w.org\/{rel}","templated":true}]}}