{"id":24002,"date":"2025-05-07T01:40:37","date_gmt":"2025-05-07T04:40:37","guid":{"rendered":"https:\/\/www.revistarescatados.com.ar\/web\/?p=24002"},"modified":"2025-05-07T01:40:37","modified_gmt":"2025-05-07T04:40:37","slug":"la-criolla-festejara-su-96-aniversario","status":"publish","type":"post","link":"https:\/\/www.revistarescatados.com.ar\/web\/2025\/05\/07\/la-criolla-festejara-su-96-aniversario\/","title":{"rendered":"La Criolla festejar\u00e1 su 96 aniversario"},"content":{"rendered":"<p>&nbsp;<\/p>\n<p><strong>Ser\u00e1 el pr\u00f3ximo 15 de junio en la Plaza Central, desde las 14 horas, con la actuaci\u00f3n de Monchito Merlo y artistas reconocidos. Adem\u00e1s har\u00e1 una feria de artesanos y emprendedores, m\u00fasica y baile.<\/strong><\/p>\n<p><img loading=\"lazy\" class=\"aligncenter size-full wp-image-10716\" src=\"http:\/\/www.revistarescatados.com.ar\/web\/wp-content\/uploads\/2020\/09\/La-Criolla.jpg\" alt=\"\" width=\"960\" height=\"638\" srcset=\"https:\/\/www.revistarescatados.com.ar\/web\/wp-content\/uploads\/2020\/09\/La-Criolla.jpg 960w, https:\/\/www.revistarescatados.com.ar\/web\/wp-content\/uploads\/2020\/09\/La-Criolla-300x199.jpg 300w, https:\/\/www.revistarescatados.com.ar\/web\/wp-content\/uploads\/2020\/09\/La-Criolla-768x510.jpg 768w\" sizes=\"(max-width: 960px) 100vw, 960px\" \/><\/p>\n<p>Por otra parte, como resultado de las gestiones realizadas desde la comuna, se aprob\u00f3 el ingreso del Centro de Salud de la localidad al programa provincial FonRES (Fondo para la Reparaci\u00f3n de Efectores de Salud).<\/p>\n<p>El programa permite el acceso a recursos para obras de conservaci\u00f3n y mantenimiento de los inmuebles que forman parte de la red de salud p\u00fablica.<\/p>\n","protected":false},"excerpt":{"rendered":"<p>&nbsp; Ser\u00e1 el pr\u00f3ximo 15 de junio en la Plaza Central, desde las 14 horas, con la actuaci\u00f3n de Monchito Merlo y artistas reconocidos. Adem\u00e1s har\u00e1 una feria de artesanos y emprendedores,&#46;&#46;&#46;<\/p>\n","protected":false},"author":1,"featured_media":4488,"comment_status":"closed","ping_status":"closed","sticky":false,"template":"","format":"standard","meta":[],"categories":[7,4,10],"tags":[],"_links":{"self":[{"href":"https:\/\/www.revistarescatados.com.ar\/web\/wp-json\/wp\/v2\/posts\/24002"}],"collection":[{"href":"https:\/\/www.revistarescatados.com.ar\/web\/wp-json\/wp\/v2\/posts"}],"about":[{"href":"https:\/\/www.revistarescatados.com.ar\/web\/wp-json\/wp\/v2\/types\/post"}],"author":[{"embeddable":true,"href":"https:\/\/www.revistarescatados.com.ar\/web\/wp-json\/wp\/v2\/users\/1"}],"replies":[{"embeddable":true,"href":"https:\/\/www.revistarescatados.com.ar\/web\/wp-json\/wp\/v2\/comments?post=24002"}],"version-history":[{"count":1,"href":"https:\/\/www.revistarescatados.com.ar\/web\/wp-json\/wp\/v2\/posts\/24002\/revisions"}],"predecessor-version":[{"id":24003,"href":"https:\/\/www.revistarescatados.com.ar\/web\/wp-json\/wp\/v2\/posts\/24002\/revisions\/24003"}],"wp:featuredmedia":[{"embeddable":true,"href":"https:\/\/www.revistarescatados.com.ar\/web\/wp-json\/wp\/v2\/media\/4488"}],"wp:attachment":[{"href":"https:\/\/www.revistarescatados.com.ar\/web\/wp-json\/wp\/v2\/media?parent=24002"}],"wp:term":[{"taxonomy":"category","embeddable":true,"href":"https:\/\/www.revistarescatados.com.ar\/web\/wp-json\/wp\/v2\/categories?post=24002"},{"taxonomy":"post_tag","embeddable":true,"href":"https:\/\/www.revistarescatados.com.ar\/web\/wp-json\/wp\/v2\/tags?post=24002"}],"curies":[{"name":"wp","href":"https:\/\/api.w.org\/{rel}","templated":true}]}}