{"id":24055,"date":"2025-05-14T15:56:43","date_gmt":"2025-05-14T18:56:43","guid":{"rendered":"https:\/\/www.revistarescatados.com.ar\/web\/?p=24055"},"modified":"2025-05-14T15:56:43","modified_gmt":"2025-05-14T18:56:43","slug":"el-hospital-de-vera-y-pintado-recibio-una-nueva-ambulancia","status":"publish","type":"post","link":"https:\/\/www.revistarescatados.com.ar\/web\/2025\/05\/14\/el-hospital-de-vera-y-pintado-recibio-una-nueva-ambulancia\/","title":{"rendered":"El Hospital de Vera y Pintado recibi\u00f3 una nueva ambulancia"},"content":{"rendered":"<p>&nbsp;<\/p>\n<p><strong>\u201cSiempre es una necesidad, pero en este caso se trat\u00f3 de un urgente pedido de toda la comunidad de esa localidad a trav\u00e9s de sus instituciones por lo que r\u00e1pidamente gestionamos la llegada de esta unidad\u201d, afirm\u00f3 el Senador Provincial Rodrigo Borla.<\/strong><\/p>\n<p><img loading=\"lazy\" class=\"aligncenter size-full wp-image-24057\" src=\"http:\/\/www.revistarescatados.com.ar\/web\/wp-content\/uploads\/2025\/05\/AMBULANCIA-DE-VERA-Y-PINTADO.jpg\" alt=\"\" width=\"1000\" height=\"750\" srcset=\"https:\/\/www.revistarescatados.com.ar\/web\/wp-content\/uploads\/2025\/05\/AMBULANCIA-DE-VERA-Y-PINTADO.jpg 1000w, https:\/\/www.revistarescatados.com.ar\/web\/wp-content\/uploads\/2025\/05\/AMBULANCIA-DE-VERA-Y-PINTADO-300x225.jpg 300w, https:\/\/www.revistarescatados.com.ar\/web\/wp-content\/uploads\/2025\/05\/AMBULANCIA-DE-VERA-Y-PINTADO-768x576.jpg 768w\" sizes=\"(max-width: 1000px) 100vw, 1000px\" \/><\/p>\n<p>Cabe destacar que la ambulancia con la que contaba el Servicio M\u00e9dico Comunitario de Vera y Pintado para todo ese distrito qued\u00f3 recientemente inutilizada por cuestiones de \u00edndole mec\u00e1nica por lo que la sustituci\u00f3n de la misma se trat\u00f3 indispensable.<\/p>\n<p>Como lo destaca Borla en sus declaraciones, inmediatamente comenzaron las gestiones ante las autoridades del Ministerio de Salud de la Provincia que derivaron en una pronta respuesta y que lleva tranquilidad a todos los habitantes de esa norte\u00f1a localidad del departamento San Justo.<\/p>\n<p>Ya est\u00e1 en funciones y prestando servicio para los traslados correspondientes la unidad que pertenece a la DIPAES &#8211; SIES, que si bien es usada, se encuentra en perfecta condici\u00f3n mec\u00e1nica y totalmente equipada para todas las emergencias m\u00e9dicas que se requieran.<\/p>\n<p>Esta ambulancia, con la presencia del Senador Provincial por el Departamento San Justo, Rodrigo Borla, fue entregada al personal de salud de Vera y Pintado y dem\u00e1s autoridades y representantes de instituciones intermedias del distrito este lunes en horas de la tarde.<\/p>\n<p>En tanto, tambi\u00e9n relacionado al sistema de emergencias y funcionamiento de las unidades en el territorio que representa, Borla adelant\u00f3 que la ambulancia (una de las tres m\u00e1s dos m\u00f3viles de traslados) que fue entregada el pasado mes de marzo y la cual a los pocos d\u00edas sufri\u00f3 un siniestro\u2026\u201cya est\u00e1 siendo reparada, fueron da\u00f1os estructurales com\u00fanmente llamados de chapa, que no comprometen su normal prestaci\u00f3n de servicio por lo que pronto estar\u00e1 nuevamente disponible\u201d\u2026<\/p>\n<p>No obstante ello, es importante destacar que inmediatamente tras el accidente la unidad de San Justo fue reemplazada por otra enviada por la DIPAES \u2013 SIES.<\/p>\n<h5><strong>BORLA RECORRI\u00d3 ESCUELAS Y JUNTO A AUTORIDADES DEL MINISTERIO ASISTI\u00d3 A INAUGURACI\u00d3N DE INNOVADORA PROPUESTA EN SAN JUSTO.\u00a0<\/strong><\/h5>\n<p>El Senador Provincial Rodrigo Borla inici\u00f3 esta semana con una marcada agenda de actividades en las que destacan, principalmente, las relacionadas al \u00e1mbito educativo. Estuvo presente en la ciudad cabecera del departamento la Secretaria de Educaci\u00f3n de la Provincia, Carolina Piedrabuena, entre otras autoridades. En tanto a primera hora de la tarde mantuvo una reuni\u00f3n en la Comuna de Vera y Pintado, localidad que recibi\u00f3 importantes aportes del fondo de obras menores.<\/p>\n<p><strong>Ideas en el aula para el desarrollo.<\/strong><\/p>\n<p>Bajo ese concepto se firm\u00f3 esta ma\u00f1ana en dependencias del foro de la producci\u00f3n, que tambi\u00e9n alberga al polo educativo, en el \u00e1rea industrial de San Justo el convenio para la puesta en marcha i + aula. El mismo fue firmado por el Intendente de la Ciudad, Nicol\u00e1s Cuesta, el Senador Rodrigo Borla y representantes de los ministerios de educaci\u00f3n y producci\u00f3n del gobierno santafesino.<\/p>\n<p>Este innovador programa apuesta por una educaci\u00f3n creativa, colaborativa y transformadora, con foco en los j\u00f3venes del departamento San Justo ya que invita a estudiantes de 5to a\u00f1o de escuelas orientadas y 6to de escuelas t\u00e9cnico profesionales a enfrentarse a desaf\u00edos reales, utilizando el pensamiento cr\u00edtico, el trabajo en equipo y la creatividad.<\/p>\n<p>i + aula forma parte del programa integral de Participaci\u00f3n Ciudadana, busca despertar el esp\u00edritu emprendedor, fomentar el compromiso con el entorno y fortalecer los v\u00ednculos entre la escuela y el territorio.<\/p>\n<p><strong>Por establecimientos escolares de San Justo.<\/strong><\/p>\n<p>Entre otras de las actividades de comienzos de esta semana cabe destacar como se mencionara al principio, la visita que el Senador Rodrigo Borla realiz\u00f3 a tres escuelas de la ciudad; en primer lugar la Escuela N\u00b0 185 Rep\u00fablica Argentina, luego la Escuela Manuel L\u00e1inez del barrio San Jos\u00e9 Obrero y finalmente la Escuela N\u00b0415.<\/p>\n<p><strong>Vera y Pintado.<\/strong><\/p>\n<p>Sobre la ruta nacional 11 hacia el norte del departamento se encuentra esta localidad en la que el Senador Rodrigo Borla, entre otras actividades, particip\u00f3 de una importante reuni\u00f3n en la sede comunal donde se trataron varios temas de inter\u00e9s, entre ellos, la aprobaci\u00f3n del fondo de obras menores de la provincia del env\u00edo de un aporte para la adquisici\u00f3n de un cami\u00f3n volcador y reemplazo de luminarias led por un total de $ 47.288.417,46.<\/p>\n","protected":false},"excerpt":{"rendered":"<p>&nbsp; \u201cSiempre es una necesidad, pero en este caso se trat\u00f3 de un urgente pedido de toda la comunidad de esa localidad a trav\u00e9s de sus instituciones por lo que r\u00e1pidamente gestionamos&#46;&#46;&#46;<\/p>\n","protected":false},"author":1,"featured_media":24057,"comment_status":"closed","ping_status":"closed","sticky":false,"template":"","format":"standard","meta":[],"categories":[4,16,10,9],"tags":[],"_links":{"self":[{"href":"https:\/\/www.revistarescatados.com.ar\/web\/wp-json\/wp\/v2\/posts\/24055"}],"collection":[{"href":"https:\/\/www.revistarescatados.com.ar\/web\/wp-json\/wp\/v2\/posts"}],"about":[{"href":"https:\/\/www.revistarescatados.com.ar\/web\/wp-json\/wp\/v2\/types\/post"}],"author":[{"embeddable":true,"href":"https:\/\/www.revistarescatados.com.ar\/web\/wp-json\/wp\/v2\/users\/1"}],"replies":[{"embeddable":true,"href":"https:\/\/www.revistarescatados.com.ar\/web\/wp-json\/wp\/v2\/comments?post=24055"}],"version-history":[{"count":1,"href":"https:\/\/www.revistarescatados.com.ar\/web\/wp-json\/wp\/v2\/posts\/24055\/revisions"}],"predecessor-version":[{"id":24058,"href":"https:\/\/www.revistarescatados.com.ar\/web\/wp-json\/wp\/v2\/posts\/24055\/revisions\/24058"}],"wp:featuredmedia":[{"embeddable":true,"href":"https:\/\/www.revistarescatados.com.ar\/web\/wp-json\/wp\/v2\/media\/24057"}],"wp:attachment":[{"href":"https:\/\/www.revistarescatados.com.ar\/web\/wp-json\/wp\/v2\/media?parent=24055"}],"wp:term":[{"taxonomy":"category","embeddable":true,"href":"https:\/\/www.revistarescatados.com.ar\/web\/wp-json\/wp\/v2\/categories?post=24055"},{"taxonomy":"post_tag","embeddable":true,"href":"https:\/\/www.revistarescatados.com.ar\/web\/wp-json\/wp\/v2\/tags?post=24055"}],"curies":[{"name":"wp","href":"https:\/\/api.w.org\/{rel}","templated":true}]}}