{"id":24089,"date":"2025-05-22T22:15:47","date_gmt":"2025-05-23T01:15:47","guid":{"rendered":"https:\/\/www.revistarescatados.com.ar\/web\/?p=24089"},"modified":"2025-05-22T22:15:47","modified_gmt":"2025-05-23T01:15:47","slug":"casi-50-millones-de-pesos-para-reforzar-el-sector-farmacologico-del-samco-san-justo","status":"publish","type":"post","link":"https:\/\/www.revistarescatados.com.ar\/web\/2025\/05\/22\/casi-50-millones-de-pesos-para-reforzar-el-sector-farmacologico-del-samco-san-justo\/","title":{"rendered":"Casi 50 millones de pesos para reforzar el sector farmacol\u00f3gico del Samco San Justo"},"content":{"rendered":"<p><strong>Lo confirm\u00f3 en las \u00faltimas horas el senador provincial Rodrigo Borla. Para llevar a cabo ese desembolso se realizar\u00e1n tres licitaciones p\u00fablicas. Adem\u00e1s La Penca y Caraguata recibir\u00e1 m\u00e1s de 32 millones para la compra de una Retro Pala.<\/strong><\/p>\n<p><img loading=\"lazy\" class=\"aligncenter size-full wp-image-24090\" src=\"http:\/\/www.revistarescatados.com.ar\/web\/wp-content\/uploads\/2025\/05\/SAMCO.jpg\" alt=\"\" width=\"650\" height=\"365\" srcset=\"https:\/\/www.revistarescatados.com.ar\/web\/wp-content\/uploads\/2025\/05\/SAMCO.jpg 650w, https:\/\/www.revistarescatados.com.ar\/web\/wp-content\/uploads\/2025\/05\/SAMCO-300x168.jpg 300w\" sizes=\"(max-width: 650px) 100vw, 650px\" \/><\/p>\n<p>Seg\u00fan lo publicado en el cuadro oficial de licitaciones del Gobierno Provincial, estos eventos tendr\u00e1n lugar, los dos primeros, en la presente jornada donde el primer acto ser\u00e1 para la compra de insumos m\u00e9dicos por 6 millones de pesos y el segundo, tambi\u00e9n para adquisici\u00f3n de insumos pero de otras caracter\u00edsticas, por 15 millones de pesos.<\/p>\n<p>En tanto, el \u00faltimo acto licitatorio tendr\u00e1 lugar el pr\u00f3ximo martes 27 del corriente y en la oportunidad se abrir\u00e1n sobres para conocer oferentes para dotar a\u00fan m\u00e1s de insumos al sector de farmacia del principal efector de salud del departamento por un total de 27 millones de pesos.<\/p>\n<p><strong>La Penca sumar\u00e1 nueva maquinaria.<\/strong><\/p>\n<p>En el marco de una recorrida a localidades del centro del departamento San Justo, el Senador Rodrigo Borla confirm\u00f3 la aprobaci\u00f3n en la \u00faltima reuni\u00f3n de la comisi\u00f3n de obras menores del proyecto presentado por esa comuna.<\/p>\n<p>Se trata de un aporte que recibir\u00e1 la gesti\u00f3n comunal de La Penca y Caraguata para la compra de una Retro Pala por un total de $ 32.269.884,92. Tambi\u00e9n en el marco de la comisi\u00f3n de obras menores, si bien no precis\u00f3 el monto, el Senador Borla adelant\u00f3 que la localidad de Videla recibir\u00e1 un aporte en concepto de emergencia debido a los da\u00f1os causados por el \u00faltimo temporal en ese distrito.<\/p>\n<h4><strong>GESTIONES DEL SENADOR BORLA PARA M\u00c1S INVERSI\u00d3N EN ESCUELAS DEL DEPARTAMENTO SAN JUSTO.<\/strong><\/h4>\n<p>En el transcurso de los \u00faltimos d\u00edas el Senador Provincial Rodrigo Borla estuvo presente en tres establecimientos educativos ubicados en distintos distritos del territorio que representa en la C\u00e1mara Alta de la Legislatura Santafesina.<\/p>\n<p>El motivo, hacer realidad las gestiones realizadas ante las autoridades del Ministerio de Educaci\u00f3n de la Provincia para continuar con las pol\u00edticas que reafirman el firme compromiso de brindar una educaci\u00f3n de calidad, en este caso, en lo relacionado a las mejoras edilicias en cada una de las escuelas.<\/p>\n<p>En esta oportunidad, el Senador Rodrigo Borla hizo entrega de aportes econ\u00f3micos por m\u00e1s de 25 millones de pesos que pertenecen al denominado Fondo de Asistencia de Necesidades Inmediatas (FANI) a los siguientes establecimientos escolares:<\/p>\n<p>&#8211; Escuela primaria N\u00b06185 \u201cRep\u00fablica Argentina\u201d; la misma se encuentra ubicada en zona rural al este del distrito San Justo y recibi\u00f3 aportes que ser\u00e1n destinados a la construcci\u00f3n de sanitarios para alumnos, sanitario accesible y galer\u00eda techada.<\/p>\n<p>&#8211; Escuela N\u00b0558 \u201cMercedes Ramayon de Bruno\u201d; este establecimiento educativo est\u00e1 ubicado en la zona urbana de la localidad de Ramay\u00f3n y los fondos otorgados ser\u00e1n utilizados para la adquisici\u00f3n de mobiliario escolar.<\/p>\n<p>&#8211; EESO N\u00b08115 \u201cSan Antonio\u201d; su edificio se encuentra ubicado en el casco urbano de la localidad de Gobernador Crespo; el aporte del Fondo de Asistencia de Necesidades Inmediatas tendr\u00e1 como destino la ampliaci\u00f3n de la distribuci\u00f3n el\u00e9ctrica de potencia.<\/p>\n<p>&nbsp;<\/p>\n","protected":false},"excerpt":{"rendered":"<p>Lo confirm\u00f3 en las \u00faltimas horas el senador provincial Rodrigo Borla. Para llevar a cabo ese desembolso se realizar\u00e1n tres licitaciones p\u00fablicas. Adem\u00e1s La Penca y Caraguata recibir\u00e1 m\u00e1s de 32 millones&#46;&#46;&#46;<\/p>\n","protected":false},"author":1,"featured_media":24090,"comment_status":"closed","ping_status":"closed","sticky":false,"template":"","format":"standard","meta":[],"categories":[4,16,14,9],"tags":[],"_links":{"self":[{"href":"https:\/\/www.revistarescatados.com.ar\/web\/wp-json\/wp\/v2\/posts\/24089"}],"collection":[{"href":"https:\/\/www.revistarescatados.com.ar\/web\/wp-json\/wp\/v2\/posts"}],"about":[{"href":"https:\/\/www.revistarescatados.com.ar\/web\/wp-json\/wp\/v2\/types\/post"}],"author":[{"embeddable":true,"href":"https:\/\/www.revistarescatados.com.ar\/web\/wp-json\/wp\/v2\/users\/1"}],"replies":[{"embeddable":true,"href":"https:\/\/www.revistarescatados.com.ar\/web\/wp-json\/wp\/v2\/comments?post=24089"}],"version-history":[{"count":1,"href":"https:\/\/www.revistarescatados.com.ar\/web\/wp-json\/wp\/v2\/posts\/24089\/revisions"}],"predecessor-version":[{"id":24091,"href":"https:\/\/www.revistarescatados.com.ar\/web\/wp-json\/wp\/v2\/posts\/24089\/revisions\/24091"}],"wp:featuredmedia":[{"embeddable":true,"href":"https:\/\/www.revistarescatados.com.ar\/web\/wp-json\/wp\/v2\/media\/24090"}],"wp:attachment":[{"href":"https:\/\/www.revistarescatados.com.ar\/web\/wp-json\/wp\/v2\/media?parent=24089"}],"wp:term":[{"taxonomy":"category","embeddable":true,"href":"https:\/\/www.revistarescatados.com.ar\/web\/wp-json\/wp\/v2\/categories?post=24089"},{"taxonomy":"post_tag","embeddable":true,"href":"https:\/\/www.revistarescatados.com.ar\/web\/wp-json\/wp\/v2\/tags?post=24089"}],"curies":[{"name":"wp","href":"https:\/\/api.w.org\/{rel}","templated":true}]}}