{"id":24092,"date":"2025-05-22T22:17:40","date_gmt":"2025-05-23T01:17:40","guid":{"rendered":"https:\/\/www.revistarescatados.com.ar\/web\/?p=24092"},"modified":"2025-05-22T22:17:40","modified_gmt":"2025-05-23T01:17:40","slug":"ganaderia-con-futuro-avanza-el-proyecto-de-un-modelo-que-cuida-el-campo-y-produce-mas-en-santa-fe","status":"publish","type":"post","link":"https:\/\/www.revistarescatados.com.ar\/web\/2025\/05\/22\/ganaderia-con-futuro-avanza-el-proyecto-de-un-modelo-que-cuida-el-campo-y-produce-mas-en-santa-fe\/","title":{"rendered":"Ganader\u00eda con futuro: avanza el proyecto de un modelo que cuida el campo y produce m\u00e1s en Santa Fe"},"content":{"rendered":"<p>&nbsp;<\/p>\n<p><strong>Con participaci\u00f3n de instituciones y especialistas, ayer mi\u00e9rcoles 21 de mayo fue el tratamiento en comisiones del proyecto de ley del diputado Rojas que impulsa la ganader\u00eda regenerativa en la provincia. La iniciativa busca aumentar la productividad mientras se recuperan ecosistemas y se garantiza el arraigo rural.<\/strong><\/p>\n<p><img loading=\"lazy\" class=\"aligncenter size-full wp-image-24093\" src=\"http:\/\/www.revistarescatados.com.ar\/web\/wp-content\/uploads\/2025\/05\/Rojas-2.jpg\" alt=\"\" width=\"1008\" height=\"756\" srcset=\"https:\/\/www.revistarescatados.com.ar\/web\/wp-content\/uploads\/2025\/05\/Rojas-2.jpg 1008w, https:\/\/www.revistarescatados.com.ar\/web\/wp-content\/uploads\/2025\/05\/Rojas-2-300x225.jpg 300w, https:\/\/www.revistarescatados.com.ar\/web\/wp-content\/uploads\/2025\/05\/Rojas-2-768x576.jpg 768w\" sizes=\"(max-width: 1008px) 100vw, 1008px\" \/><\/p>\n<p>Este mi\u00e9rcoles en la C\u00e1mara de Diputadas y Diputados de Santa Fe, se trat\u00f3 en la Comisi\u00f3n de Agricultura y Ganader\u00eda el proyecto de ley que impulsa la ganader\u00eda regenerativa en la provincia. La iniciativa, presentada por el diputado provincial del socialismo Sergio \u201cChiqui\u201d Rojas, plantea un nuevo paradigma productivo que combina rentabilidad, sostenibilidad y arraigo.<\/p>\n<p>\u201cHoy dimos un paso importante para avanzar hacia un modelo que produzca m\u00e1s, con bajos costos pero cuidando la naturaleza y fortaleciendo a quienes viven y trabajan en el campo\u201d, expres\u00f3 Rojas durante el encuentro, que cont\u00f3 con la participaci\u00f3n de instituciones, t\u00e9cnicos y especialistas en la tem\u00e1tica.<\/p>\n<p>El proyecto prev\u00e9 la creaci\u00f3n de un Plan Provincial de Fomento a la Ganader\u00eda Regenerativa, con incentivos fiscales, asistencia t\u00e9cnica, capacitaciones, financiamiento preferencial y un fondo espec\u00edfico que permita acompa\u00f1ar a productores en la transici\u00f3n hacia pr\u00e1cticas que restauran suelos, cuidan el agua y mejoran la salud del ganado.<\/p>\n<p>\u201cEs una propuesta pensada desde el territorio, con la experiencia concreta de productores del norte santafesino que ya demuestran que otra forma de producir carne es posible\u201d, sostuvo el legislador. La propuesta legislativa fue elaborada junto al ingeniero agr\u00f3nomo Federico Pognante y el m\u00e9dico veterinario Rub\u00e9n \u201cColo\u201d Mondino, referentes t\u00e9cnicos con amplia trayectoria en la materia.<\/p>\n<p>La ganader\u00eda regenerativa viene mostrando resultados positivos tanto en la mejora de la rentabilidad como en la restauraci\u00f3n de ecosistemas. Seg\u00fan estimaciones, su implementaci\u00f3n podr\u00eda aumentar en un 10% la producci\u00f3n de terneros en cinco a\u00f1os, a la vez que reduce emisiones de gases de efecto invernadero y fortalece el arraigo rural.<\/p>\n<p>\u201cEl objetivo es claro: que producir alimentos y cuidar el ambiente no sean caminos separados, sino que vayan de la mano\u201d, dijo Rojas, quien destac\u00f3 que el proyecto no impone restricciones a la ganader\u00eda tradicional, sino que busca abrir camino a una alternativa superadora, aplicable a todas las escalas productivas. \u201cLos productores, una vez que inician este camino, no vuelven a las pr\u00e1cticas tradicionales\u201d, agreg\u00f3. Adem\u00e1s, agradeci\u00f3 la presencia del secretario de Agricultura y Ganader\u00eda del Ministerio de Desarrollo Productivo, Ignacio M\u00e1ntaras y su equipo; y en especial a productores y referentes de instituciones, que enriquecieron el tratamiento de este proyecto.<\/p>\n","protected":false},"excerpt":{"rendered":"<p>&nbsp; Con participaci\u00f3n de instituciones y especialistas, ayer mi\u00e9rcoles 21 de mayo fue el tratamiento en comisiones del proyecto de ley del diputado Rojas que impulsa la ganader\u00eda regenerativa en la provincia.&#46;&#46;&#46;<\/p>\n","protected":false},"author":1,"featured_media":24093,"comment_status":"closed","ping_status":"closed","sticky":false,"template":"","format":"standard","meta":[],"categories":[3,16,10,13,8],"tags":[],"_links":{"self":[{"href":"https:\/\/www.revistarescatados.com.ar\/web\/wp-json\/wp\/v2\/posts\/24092"}],"collection":[{"href":"https:\/\/www.revistarescatados.com.ar\/web\/wp-json\/wp\/v2\/posts"}],"about":[{"href":"https:\/\/www.revistarescatados.com.ar\/web\/wp-json\/wp\/v2\/types\/post"}],"author":[{"embeddable":true,"href":"https:\/\/www.revistarescatados.com.ar\/web\/wp-json\/wp\/v2\/users\/1"}],"replies":[{"embeddable":true,"href":"https:\/\/www.revistarescatados.com.ar\/web\/wp-json\/wp\/v2\/comments?post=24092"}],"version-history":[{"count":1,"href":"https:\/\/www.revistarescatados.com.ar\/web\/wp-json\/wp\/v2\/posts\/24092\/revisions"}],"predecessor-version":[{"id":24094,"href":"https:\/\/www.revistarescatados.com.ar\/web\/wp-json\/wp\/v2\/posts\/24092\/revisions\/24094"}],"wp:featuredmedia":[{"embeddable":true,"href":"https:\/\/www.revistarescatados.com.ar\/web\/wp-json\/wp\/v2\/media\/24093"}],"wp:attachment":[{"href":"https:\/\/www.revistarescatados.com.ar\/web\/wp-json\/wp\/v2\/media?parent=24092"}],"wp:term":[{"taxonomy":"category","embeddable":true,"href":"https:\/\/www.revistarescatados.com.ar\/web\/wp-json\/wp\/v2\/categories?post=24092"},{"taxonomy":"post_tag","embeddable":true,"href":"https:\/\/www.revistarescatados.com.ar\/web\/wp-json\/wp\/v2\/tags?post=24092"}],"curies":[{"name":"wp","href":"https:\/\/api.w.org\/{rel}","templated":true}]}}