{"id":24118,"date":"2025-05-26T16:22:48","date_gmt":"2025-05-26T19:22:48","guid":{"rendered":"https:\/\/www.revistarescatados.com.ar\/web\/?p=24118"},"modified":"2025-05-26T16:22:48","modified_gmt":"2025-05-26T19:22:48","slug":"aporte-a-una-escuela-de-pedro-gomez-cello-para-la-compra-de-equipos-de-aire","status":"publish","type":"post","link":"https:\/\/www.revistarescatados.com.ar\/web\/2025\/05\/26\/aporte-a-una-escuela-de-pedro-gomez-cello-para-la-compra-de-equipos-de-aire\/","title":{"rendered":"Aporte a una escuela de Pedro G\u00f3mez Cello para la compra de equipos de aire"},"content":{"rendered":"<p>&nbsp;<\/p>\n<p><strong>El senador provincial Rodrigo Borla\u00a0 visit\u00f3 las instalaciones de la Escuela de Ense\u00f1anza T\u00e9cnico Profesional N\u00ba 351 \u201cCarmen Allio de Mart\u00ednez\u201d e hizo entrega de fondos FANI para la compra de 13 nuevos equipos para la climatizaci\u00f3n de las aulas.<\/strong><\/p>\n<p><img loading=\"lazy\" class=\"aligncenter size-large wp-image-24119\" src=\"http:\/\/www.revistarescatados.com.ar\/web\/wp-content\/uploads\/2025\/05\/ESCUELA-PGC-1024x768.jpg\" alt=\"\" width=\"1024\" height=\"768\" srcset=\"https:\/\/www.revistarescatados.com.ar\/web\/wp-content\/uploads\/2025\/05\/ESCUELA-PGC-1024x768.jpg 1024w, https:\/\/www.revistarescatados.com.ar\/web\/wp-content\/uploads\/2025\/05\/ESCUELA-PGC-300x225.jpg 300w, https:\/\/www.revistarescatados.com.ar\/web\/wp-content\/uploads\/2025\/05\/ESCUELA-PGC-768x576.jpg 768w, https:\/\/www.revistarescatados.com.ar\/web\/wp-content\/uploads\/2025\/05\/ESCUELA-PGC-1536x1152.jpg 1536w, https:\/\/www.revistarescatados.com.ar\/web\/wp-content\/uploads\/2025\/05\/ESCUELA-PGC-2048x1536.jpg 2048w\" sizes=\"(max-width: 1024px) 100vw, 1024px\" \/><\/p>\n<p>Borla fue invitado a participar de la entrega de certificados a los alumnos que realizaron las jornadas sobre manejo de maquinaria agr\u00edcola; una actividad coordinada conjuntamente entre la Empresa Agronorte S.A. qui\u00e9n facilit\u00f3 la experiencia de sus profesionales en el rubro y el Ministerio de Educaci\u00f3n de la Provincia de Santa Fe.<\/p>\n<p>En la oportunidad, luego de ello, el Senador Rodrigo Borla hizo entrega a las autoridades de la Instituci\u00f3n educativa de un aporte econ\u00f3mico de $ 14.799.987,00 proveniente del Fondo para la Atenci\u00f3n de Necesidades Inmediatas (FANI).<\/p>\n<p>\u201cEs un compromiso que hab\u00edamos asumido tiempo atr\u00e1s de equipar los espacios para el dictado de clases de este edificio con aires acondicionado; compromiso que tenemos con todas las escuelas del departamento de gestionar para lograr una mejor calidad educativa en todos sus sentidos\u201d, afirm\u00f3 el actual titular del bloque oficialista en la C\u00e1mara Alta de la legislatura santafesina.<\/p>\n<p>Con estos recursos que recibi\u00f3 la Escuela T\u00e9cnica de Pedro G\u00f3mez Cello se comprar\u00e1n en total 13 nuevos equipos para la climatizaci\u00f3n de las aulas en todo el a\u00f1o; 6 de ellos ser\u00e1n interver BGH de 3500 KW y otros 7 ser\u00e1n PHILCO de 6300 KW.<\/p>\n<p>&nbsp;<\/p>\n","protected":false},"excerpt":{"rendered":"<p>&nbsp; El senador provincial Rodrigo Borla\u00a0 visit\u00f3 las instalaciones de la Escuela de Ense\u00f1anza T\u00e9cnico Profesional N\u00ba 351 \u201cCarmen Allio de Mart\u00ednez\u201d e hizo entrega de fondos FANI para la compra de&#46;&#46;&#46;<\/p>\n","protected":false},"author":1,"featured_media":24119,"comment_status":"closed","ping_status":"closed","sticky":false,"template":"","format":"standard","meta":[],"categories":[4,16,15,10],"tags":[],"_links":{"self":[{"href":"https:\/\/www.revistarescatados.com.ar\/web\/wp-json\/wp\/v2\/posts\/24118"}],"collection":[{"href":"https:\/\/www.revistarescatados.com.ar\/web\/wp-json\/wp\/v2\/posts"}],"about":[{"href":"https:\/\/www.revistarescatados.com.ar\/web\/wp-json\/wp\/v2\/types\/post"}],"author":[{"embeddable":true,"href":"https:\/\/www.revistarescatados.com.ar\/web\/wp-json\/wp\/v2\/users\/1"}],"replies":[{"embeddable":true,"href":"https:\/\/www.revistarescatados.com.ar\/web\/wp-json\/wp\/v2\/comments?post=24118"}],"version-history":[{"count":1,"href":"https:\/\/www.revistarescatados.com.ar\/web\/wp-json\/wp\/v2\/posts\/24118\/revisions"}],"predecessor-version":[{"id":24120,"href":"https:\/\/www.revistarescatados.com.ar\/web\/wp-json\/wp\/v2\/posts\/24118\/revisions\/24120"}],"wp:featuredmedia":[{"embeddable":true,"href":"https:\/\/www.revistarescatados.com.ar\/web\/wp-json\/wp\/v2\/media\/24119"}],"wp:attachment":[{"href":"https:\/\/www.revistarescatados.com.ar\/web\/wp-json\/wp\/v2\/media?parent=24118"}],"wp:term":[{"taxonomy":"category","embeddable":true,"href":"https:\/\/www.revistarescatados.com.ar\/web\/wp-json\/wp\/v2\/categories?post=24118"},{"taxonomy":"post_tag","embeddable":true,"href":"https:\/\/www.revistarescatados.com.ar\/web\/wp-json\/wp\/v2\/tags?post=24118"}],"curies":[{"name":"wp","href":"https:\/\/api.w.org\/{rel}","templated":true}]}}