{"id":24147,"date":"2025-05-29T21:50:57","date_gmt":"2025-05-30T00:50:57","guid":{"rendered":"https:\/\/www.revistarescatados.com.ar\/web\/?p=24147"},"modified":"2025-05-29T21:50:57","modified_gmt":"2025-05-30T00:50:57","slug":"pullaro-sobre-la-convencion-constituyente-queremos-una-constitucion-moderna-que-termine-con-los-privilegios","status":"publish","type":"post","link":"https:\/\/www.revistarescatados.com.ar\/web\/2025\/05\/29\/pullaro-sobre-la-convencion-constituyente-queremos-una-constitucion-moderna-que-termine-con-los-privilegios\/","title":{"rendered":"Pullaro sobre la Convenci\u00f3n Constituyente: \u201cQueremos una Constituci\u00f3n moderna que termine con los privilegios\u201d"},"content":{"rendered":"<div><\/div>\n<div><strong>Lo manifest\u00f3 el gobernador de Santa Fe al asistir al acto de entrega de diplomas a los 69 convencionales reformadores electos en los comicios del 13 de abril pasado en la provincia. Pidi\u00f3 garantizar ficha limpia \u201cpara que los corruptos no puedan ser nunca m\u00e1s candidatos\u201d, y llam\u00f3 a todos los espacios a \u201ctrabajar con iniciativa pol\u00edtica para encontrar consensos\u201d.<\/strong><\/div>\n<div><\/div>\n<div>\u00a0 <img loading=\"lazy\" class=\"aligncenter size-large wp-image-24148\" src=\"http:\/\/www.revistarescatados.com.ar\/web\/wp-content\/uploads\/2025\/05\/Convencionales-constituyentes-1024x576.jpg\" alt=\"\" width=\"1024\" height=\"576\" srcset=\"https:\/\/www.revistarescatados.com.ar\/web\/wp-content\/uploads\/2025\/05\/Convencionales-constituyentes-1024x576.jpg 1024w, https:\/\/www.revistarescatados.com.ar\/web\/wp-content\/uploads\/2025\/05\/Convencionales-constituyentes-300x169.jpg 300w, https:\/\/www.revistarescatados.com.ar\/web\/wp-content\/uploads\/2025\/05\/Convencionales-constituyentes-768x432.jpg 768w, https:\/\/www.revistarescatados.com.ar\/web\/wp-content\/uploads\/2025\/05\/Convencionales-constituyentes-1536x864.jpg 1536w, https:\/\/www.revistarescatados.com.ar\/web\/wp-content\/uploads\/2025\/05\/Convencionales-constituyentes.jpg 1920w\" sizes=\"(max-width: 1024px) 100vw, 1024px\" \/><\/div>\n<div>Este jueves, el Tribunal Electoral Provincial, hizo entrega de los diplomas a los 69 convencionales reformadores, que fueron electos en los comicios que se desarrollaron en la provincia el 13 de abril \u00faltimo y que ser\u00e1n los responsables de modificar la Constituci\u00f3n de la Provincia de Santa Fe, a 63 a\u00f1os de su sanci\u00f3n. Del total, 50 fueron elegidos como representantes de distrito \u00fanico y 19, por cada departamento de la provincia.<\/div>\n<div>El acto, que tuvo lugar en el Museo de la Constituci\u00f3n de la ciudad de Santa Fe, estuvo encabezado por el presidente del Tribunal Electoral Provincial, Roberto Falistocco; acompa\u00f1ado por los vocales, Alfredo Ivaldi Artacho y Roberto Dellam\u00f3nica; y el secretario Electoral, Pablo Ayala.<\/div>\n<div><\/div>\n<div><strong>Constituci\u00f3n renovada y moderna<\/strong><\/div>\n<div><\/div>\n<div>Al participar del acto, el gobernador y convencional reformador electo, Maximiliano Pullaro asegur\u00f3 que se logr\u00f3, tras 63 a\u00f1os, \u201celegir a personas que no pensamos lo mismo, en un pa\u00eds que tiene muchas diferencias y permanentemente la dirigencia pol\u00edtica se agrede, y en Santa Fe sacamos una ley que en muchos procesos pol\u00edticos que se vivieron en la provincia no se hab\u00eda podido lograr\u201d.<\/div>\n<div><\/div>\n<div><\/div>\n<div><\/div>\n<div>En segundo t\u00e9rmino, Pullaro destac\u00f3 el proceso electoral \u201ctransparente, donde todos llevamos adelante nuestras propuestas e ideas, pero fundamentalmente lo que representamos que son valores y principio, y hoy tenemos los 69 convencionales reformadores elegidos\u201d, sobre lo cual manifest\u00f3 su expectativa de \u201ctener una Constituci\u00f3n renovada, moderna que termine con los privilegios; garantice la ficha limpia como un valor supremo para que los corruptos no puedan ser candidatos nunca m\u00e1s en Santa Fe; que se termine con los fueros parlamentarios para que nadie se esconda detr\u00e1s de los fueros parlamentarios de la Justicia; que logre materializar el equilibrio fiscal; que hable de seguridad, no de los delincuentes sino de la gente; que hable del fortalecimiento del sistema educativo y de las potencialidades que tiene la provincia para crecer y liderar Argentina\u201d.<\/div>\n<div><\/div>\n<div>Asimismo, el gobernador dijo que espera que durante la Convenci\u00f3n Constituyente se construyan \u201cconsensos, haya di\u00e1logo, nos escuchemos y tengamos la mejor Constituci\u00f3n\u201d a la vez que llam\u00f3 a cada uno de los espacios pol\u00edticos a \u201ctrabajar con iniciativa pol\u00edtica para encontrar los consensos de lo que cree que cada uno de los art\u00edculos de la Constituci\u00f3n debe reformarse\u201d reconociendo que el liderazgo de la Reforma Constituyente es del \u201cpueblo de la provincia\u201d.<\/div>\n<div><\/div>\n<div>Del acto participaron, adem\u00e1s, el presidente provisional del Senado, Felipe Michlig; la presidenta de la C\u00e1mara de Diputados, Clara Garc\u00eda; el intendente de Santa Fe, Juan Pablo Poletti; el ministro de Gobierno e Innovaci\u00f3n P\u00fablica, Fabi\u00e1n Bastia; el fiscal de Estado, Domingo Rondina; ministros y ministras, y secretarios del gobierno provincial; los ministros de la Corte Suprema de Justicia de la provincia, Rafael Guti\u00e9rrez y Rub\u00e9n Weder; la fiscal general de la Provincia, Mar\u00eda Cecilia Vranicich; legisladores provinciales; concejales; autoridades policiales y autoridades de los tres poderes del Estado.<\/div>\n<div><\/div>\n<div><\/div>\n<div><\/div>\n<div><strong>Instancia hist\u00f3rica<\/strong><\/div>\n<div><\/div>\n<div>En diciembre de 2024, la Asamblea Legislativa aprob\u00f3 la Ley de Necesidad de la Reforma de la Constituci\u00f3n Provincial (N\u00b0 14.384); decisi\u00f3n hist\u00f3rica que, despu\u00e9s de 63 a\u00f1os de su creaci\u00f3n, faculta a modificar 42 art\u00edculos para la construcci\u00f3n de un nuevo marco institucional en la provincia de Santa Fe.<\/div>\n<div><\/div>\n<div>El objetivo es promover, entre otros puntos, la incorporaci\u00f3n de las modificaciones introducidas por la reforma de la Constituci\u00f3n Nacional del a\u00f1o 1994, vinculadas a las competencias de los gobiernos provinciales; la actualizaci\u00f3n de los art\u00edculos que comprenden los derechos digitales, el derecho a la ciudad, principios en materia de pol\u00edticas p\u00fablicas, las autonom\u00edas municipales, la modificaci\u00f3n del per\u00edodo de mandato de los gobiernos locales, la revisi\u00f3n del l\u00edmite de reelecci\u00f3n para todos los cargos electivos, desde el gobernador hasta los legisladores y los intendentes; y la eliminaci\u00f3n de los fueros. Asimismo, modernizar pr\u00e1cticas y procedimientos parlamentarios, reestructurar el Poder Judicial y establecer formas transparentes y r\u00e1pidas de selecci\u00f3n de magistrados y remoci\u00f3n de los mismos; y promover el equilibrio fiscal, el d\u00e9ficit cero, y la garant\u00eda de mayor seguridad.<\/div>\n<div><\/div>\n<div><strong>Convenci\u00f3n Constituyente<\/strong><\/div>\n<div><\/div>\n<div>La Convenci\u00f3n Constituyente empezar\u00e1 a funcionar el 14 de julio en la ciudad de Santa Fe, en el recinto de la C\u00e1mara de Diputados, y de acuerdo al art\u00edculo 10 de la ley de Necesidad de Reforma \u201cdeber\u00e1 terminar su cometido en el plazo de cuarenta d\u00edas corridos, prorrogable por un plazo m\u00e1ximo de veinte d\u00edas m\u00e1s, corridos tambi\u00e9n, si as\u00ed lo aprobase la Convenci\u00f3n por la mayor\u00eda absoluta de sus miembros\u201d.<\/div>\n<div><\/div>\n<div>Est\u00e1 previsto que las diferentes comisiones deliberen en las ciudades de Santa Fe y Rosario.<\/div>\n<div><\/div>\n<div>https:\/\/www.santafe.gov.ar\/noticias\/recursos\/videosHD\/2025\/05\/2025-05-29NID_283165O_1.mp4<\/div>\n<div><\/div>\n","protected":false},"excerpt":{"rendered":"<p>Lo manifest\u00f3 el gobernador de Santa Fe al asistir al acto de entrega de diplomas a los 69 convencionales reformadores electos en los comicios del 13 de abril pasado en la provincia.&#46;&#46;&#46;<\/p>\n","protected":false},"author":1,"featured_media":24148,"comment_status":"closed","ping_status":"closed","sticky":false,"template":"","format":"standard","meta":[],"categories":[16,10,13,12],"tags":[],"_links":{"self":[{"href":"https:\/\/www.revistarescatados.com.ar\/web\/wp-json\/wp\/v2\/posts\/24147"}],"collection":[{"href":"https:\/\/www.revistarescatados.com.ar\/web\/wp-json\/wp\/v2\/posts"}],"about":[{"href":"https:\/\/www.revistarescatados.com.ar\/web\/wp-json\/wp\/v2\/types\/post"}],"author":[{"embeddable":true,"href":"https:\/\/www.revistarescatados.com.ar\/web\/wp-json\/wp\/v2\/users\/1"}],"replies":[{"embeddable":true,"href":"https:\/\/www.revistarescatados.com.ar\/web\/wp-json\/wp\/v2\/comments?post=24147"}],"version-history":[{"count":1,"href":"https:\/\/www.revistarescatados.com.ar\/web\/wp-json\/wp\/v2\/posts\/24147\/revisions"}],"predecessor-version":[{"id":24149,"href":"https:\/\/www.revistarescatados.com.ar\/web\/wp-json\/wp\/v2\/posts\/24147\/revisions\/24149"}],"wp:featuredmedia":[{"embeddable":true,"href":"https:\/\/www.revistarescatados.com.ar\/web\/wp-json\/wp\/v2\/media\/24148"}],"wp:attachment":[{"href":"https:\/\/www.revistarescatados.com.ar\/web\/wp-json\/wp\/v2\/media?parent=24147"}],"wp:term":[{"taxonomy":"category","embeddable":true,"href":"https:\/\/www.revistarescatados.com.ar\/web\/wp-json\/wp\/v2\/categories?post=24147"},{"taxonomy":"post_tag","embeddable":true,"href":"https:\/\/www.revistarescatados.com.ar\/web\/wp-json\/wp\/v2\/tags?post=24147"}],"curies":[{"name":"wp","href":"https:\/\/api.w.org\/{rel}","templated":true}]}}