{"id":24155,"date":"2025-06-02T22:35:39","date_gmt":"2025-06-03T01:35:39","guid":{"rendered":"https:\/\/www.revistarescatados.com.ar\/web\/?p=24155"},"modified":"2025-06-02T22:35:39","modified_gmt":"2025-06-03T01:35:39","slug":"esta-publicado-el-padron-definitivo-para-las-elecciones-generales-municipales-y-comunales-2025","status":"publish","type":"post","link":"https:\/\/www.revistarescatados.com.ar\/web\/2025\/06\/02\/esta-publicado-el-padron-definitivo-para-las-elecciones-generales-municipales-y-comunales-2025\/","title":{"rendered":"Est\u00e1 publicado el padr\u00f3n definitivo para las Elecciones Generales Municipales y Comunales 2025"},"content":{"rendered":"<p>&nbsp;<\/p>\n<p><strong>La elecci\u00f3n general a cargos municipales y comunales se llevar\u00e1 a cabo el pr\u00f3ximo 29 de junio. Se elegir\u00e1n 19 intendencias, se renovar\u00e1n 65 concejos municipales y 300 comisiones comunales. El padr\u00f3n se puede observar en la p\u00e1gina web del Tribunal Electoral de la Provincia.<\/strong><\/p>\n<p><img loading=\"lazy\" class=\"aligncenter size-large wp-image-4889\" src=\"http:\/\/www.revistarescatados.com.ar\/web\/wp-content\/uploads\/2019\/05\/padron-1024x576.jpg\" alt=\"\" width=\"1024\" height=\"576\" srcset=\"https:\/\/www.revistarescatados.com.ar\/web\/wp-content\/uploads\/2019\/05\/padron-1024x576.jpg 1024w, https:\/\/www.revistarescatados.com.ar\/web\/wp-content\/uploads\/2019\/05\/padron-300x169.jpg 300w, https:\/\/www.revistarescatados.com.ar\/web\/wp-content\/uploads\/2019\/05\/padron-768x432.jpg 768w, https:\/\/www.revistarescatados.com.ar\/web\/wp-content\/uploads\/2019\/05\/padron.jpg 1920w\" sizes=\"(max-width: 1024px) 100vw, 1024px\" \/><br \/>\nLa Secretar\u00eda Electoral de Santa Fe public\u00f3 el padr\u00f3n definitivo de electores nacionales y extranjeros para las Elecciones Generales Municipales y Comunales a celebrarse el pr\u00f3ximo 29 de junio en toda la provincia.<\/p>\n<p>Se recomienda a los electores consultar el lugar de votaci\u00f3n asignado ingresando a https:\/\/www.santafe.gov.ar\/tribunalelectoral\/consultapadrondefinitivo2025\/. En dicho sitio los votantes pueden conocer el establecimiento educativo asignado y el n\u00famero de mesa correspondiente.<\/p>\n<p>Para realizar la consulta, es necesario ingresar el n\u00famero de documento, el sexo y especificar si el votante es argentino o extranjero con ciudadan\u00eda. As\u00ed, el sistema devolver\u00e1 una imagen con el nombre y apellido del elector, junto con el lugar de votaci\u00f3n y la mesa asignada.<\/p>\n<p>Para m\u00e1s informaci\u00f3n acceder a <a href=\"https:\/\/www.santafe.gov.ar\/tribunalelectoral\/\"><strong>https:\/\/www.santafe.gov.ar\/tribunalelectoral\/<\/strong><\/a>.<\/p>\n<p>&nbsp;<\/p>\n","protected":false},"excerpt":{"rendered":"<p>&nbsp; La elecci\u00f3n general a cargos municipales y comunales se llevar\u00e1 a cabo el pr\u00f3ximo 29 de junio. Se elegir\u00e1n 19 intendencias, se renovar\u00e1n 65 concejos municipales y 300 comisiones comunales. El&#46;&#46;&#46;<\/p>\n","protected":false},"author":1,"featured_media":4889,"comment_status":"closed","ping_status":"closed","sticky":false,"template":"","format":"standard","meta":[],"categories":[16,10,12,8],"tags":[],"_links":{"self":[{"href":"https:\/\/www.revistarescatados.com.ar\/web\/wp-json\/wp\/v2\/posts\/24155"}],"collection":[{"href":"https:\/\/www.revistarescatados.com.ar\/web\/wp-json\/wp\/v2\/posts"}],"about":[{"href":"https:\/\/www.revistarescatados.com.ar\/web\/wp-json\/wp\/v2\/types\/post"}],"author":[{"embeddable":true,"href":"https:\/\/www.revistarescatados.com.ar\/web\/wp-json\/wp\/v2\/users\/1"}],"replies":[{"embeddable":true,"href":"https:\/\/www.revistarescatados.com.ar\/web\/wp-json\/wp\/v2\/comments?post=24155"}],"version-history":[{"count":1,"href":"https:\/\/www.revistarescatados.com.ar\/web\/wp-json\/wp\/v2\/posts\/24155\/revisions"}],"predecessor-version":[{"id":24156,"href":"https:\/\/www.revistarescatados.com.ar\/web\/wp-json\/wp\/v2\/posts\/24155\/revisions\/24156"}],"wp:featuredmedia":[{"embeddable":true,"href":"https:\/\/www.revistarescatados.com.ar\/web\/wp-json\/wp\/v2\/media\/4889"}],"wp:attachment":[{"href":"https:\/\/www.revistarescatados.com.ar\/web\/wp-json\/wp\/v2\/media?parent=24155"}],"wp:term":[{"taxonomy":"category","embeddable":true,"href":"https:\/\/www.revistarescatados.com.ar\/web\/wp-json\/wp\/v2\/categories?post=24155"},{"taxonomy":"post_tag","embeddable":true,"href":"https:\/\/www.revistarescatados.com.ar\/web\/wp-json\/wp\/v2\/tags?post=24155"}],"curies":[{"name":"wp","href":"https:\/\/api.w.org\/{rel}","templated":true}]}}