{"id":24191,"date":"2025-06-05T22:25:46","date_gmt":"2025-06-06T01:25:46","guid":{"rendered":"https:\/\/www.revistarescatados.com.ar\/web\/?p=24191"},"modified":"2025-06-05T22:25:46","modified_gmt":"2025-06-06T01:25:46","slug":"osvaldo-sosa-sumo-a-referentes-de-pueblos-originarios-de-calchaqui-y-margarita-al-debate-por-la-reforma-constitucional","status":"publish","type":"post","link":"https:\/\/www.revistarescatados.com.ar\/web\/2025\/06\/05\/osvaldo-sosa-sumo-a-referentes-de-pueblos-originarios-de-calchaqui-y-margarita-al-debate-por-la-reforma-constitucional\/","title":{"rendered":"Osvaldo Sosa sum\u00f3 a referentes de pueblos originarios de Calchaqu\u00ed y Margarita al debate por la reforma constitucional"},"content":{"rendered":"<p><strong>El congresal por el departamento Vera fue parte de una charla con referentes de comunidades abor\u00edgenes de la provincia en la sede del PJ Santa Fe. Miguel V\u00e1squez y Ver\u00f3nica Cator\u00ed participaron del c\u00f3nclave.<\/strong><\/p>\n<p><img loading=\"lazy\" class=\"aligncenter size-full wp-image-24192\" src=\"http:\/\/www.revistarescatados.com.ar\/web\/wp-content\/uploads\/2025\/06\/sOSA-vASQUEZ-CATORI.jpg\" alt=\"\" width=\"864\" height=\"478\" srcset=\"https:\/\/www.revistarescatados.com.ar\/web\/wp-content\/uploads\/2025\/06\/sOSA-vASQUEZ-CATORI.jpg 864w, https:\/\/www.revistarescatados.com.ar\/web\/wp-content\/uploads\/2025\/06\/sOSA-vASQUEZ-CATORI-300x166.jpg 300w, https:\/\/www.revistarescatados.com.ar\/web\/wp-content\/uploads\/2025\/06\/sOSA-vASQUEZ-CATORI-768x425.jpg 768w\" sizes=\"(max-width: 864px) 100vw, 864px\" \/><br \/>\nRepresentantes de pueblos originarios de toda la provincia de Santa Fe, se reunieron en la sede del PJ, convocados por los constituyentes del partido para escuchar sus propuestas e inquietudes referidas a la reforma constitucional.<\/p>\n<p>????Un pluralismo de voces entre los que se destacaron los representantes del departamento Vera. Miguel V\u00e1squez de la comunidad &#8220;Comkayaripi&#8221; de Calchaqui y Ver\u00f3nica Cator\u00ed de la Comunidad &#8220;Kami Lava&#8221; del Paraje El Toba [Margarita], ambas de la etnia Mocovi.<\/p>\n<p><a href=\"https:\/\/www.facebook.com\/100063645937298\/videos\/626336103812259\"><strong>VIDEO DEL ACTO<\/strong><\/a><\/p>\n<p>&nbsp;<\/p>\n","protected":false},"excerpt":{"rendered":"<p>El congresal por el departamento Vera fue parte de una charla con referentes de comunidades abor\u00edgenes de la provincia en la sede del PJ Santa Fe. Miguel V\u00e1squez y Ver\u00f3nica Cator\u00ed participaron&#46;&#46;&#46;<\/p>\n","protected":false},"author":1,"featured_media":24192,"comment_status":"closed","ping_status":"closed","sticky":false,"template":"","format":"standard","meta":[],"categories":[2,3,16,10,13],"tags":[],"_links":{"self":[{"href":"https:\/\/www.revistarescatados.com.ar\/web\/wp-json\/wp\/v2\/posts\/24191"}],"collection":[{"href":"https:\/\/www.revistarescatados.com.ar\/web\/wp-json\/wp\/v2\/posts"}],"about":[{"href":"https:\/\/www.revistarescatados.com.ar\/web\/wp-json\/wp\/v2\/types\/post"}],"author":[{"embeddable":true,"href":"https:\/\/www.revistarescatados.com.ar\/web\/wp-json\/wp\/v2\/users\/1"}],"replies":[{"embeddable":true,"href":"https:\/\/www.revistarescatados.com.ar\/web\/wp-json\/wp\/v2\/comments?post=24191"}],"version-history":[{"count":1,"href":"https:\/\/www.revistarescatados.com.ar\/web\/wp-json\/wp\/v2\/posts\/24191\/revisions"}],"predecessor-version":[{"id":24193,"href":"https:\/\/www.revistarescatados.com.ar\/web\/wp-json\/wp\/v2\/posts\/24191\/revisions\/24193"}],"wp:featuredmedia":[{"embeddable":true,"href":"https:\/\/www.revistarescatados.com.ar\/web\/wp-json\/wp\/v2\/media\/24192"}],"wp:attachment":[{"href":"https:\/\/www.revistarescatados.com.ar\/web\/wp-json\/wp\/v2\/media?parent=24191"}],"wp:term":[{"taxonomy":"category","embeddable":true,"href":"https:\/\/www.revistarescatados.com.ar\/web\/wp-json\/wp\/v2\/categories?post=24191"},{"taxonomy":"post_tag","embeddable":true,"href":"https:\/\/www.revistarescatados.com.ar\/web\/wp-json\/wp\/v2\/tags?post=24191"}],"curies":[{"name":"wp","href":"https:\/\/api.w.org\/{rel}","templated":true}]}}