{"id":24194,"date":"2025-06-05T22:31:14","date_gmt":"2025-06-06T01:31:14","guid":{"rendered":"https:\/\/www.revistarescatados.com.ar\/web\/?p=24194"},"modified":"2025-06-05T22:31:14","modified_gmt":"2025-06-06T01:31:14","slug":"provincia-transfirio-fondos-para-pavimentar-ocho-cuadras-en-calchaqui","status":"publish","type":"post","link":"https:\/\/www.revistarescatados.com.ar\/web\/2025\/06\/05\/provincia-transfirio-fondos-para-pavimentar-ocho-cuadras-en-calchaqui\/","title":{"rendered":"Provincia transfiri\u00f3 fondos  para pavimentar ocho cuadras en Calchaqu\u00ed"},"content":{"rendered":"<p><strong>La provincia transfiri\u00f3 a la ciudad de Calchaqu\u00ed m\u00e1s de $214 millones provenientes del Fondo de Obras Menores para obras de pavimentaci\u00f3n, seg\u00fan la ordenanza N\u00b0 01\/2025 del Concejo Municipal presentada por el ejecutivo.<\/strong><\/p>\n<p><img loading=\"lazy\" class=\"aligncenter size-large wp-image-13950\" src=\"http:\/\/www.revistarescatados.com.ar\/web\/wp-content\/uploads\/2021\/05\/pavimento-calle-Colon-1024x682.jpg\" alt=\"\" width=\"1024\" height=\"682\" srcset=\"https:\/\/www.revistarescatados.com.ar\/web\/wp-content\/uploads\/2021\/05\/pavimento-calle-Colon-1024x682.jpg 1024w, https:\/\/www.revistarescatados.com.ar\/web\/wp-content\/uploads\/2021\/05\/pavimento-calle-Colon-300x200.jpg 300w, https:\/\/www.revistarescatados.com.ar\/web\/wp-content\/uploads\/2021\/05\/pavimento-calle-Colon-768x512.jpg 768w, https:\/\/www.revistarescatados.com.ar\/web\/wp-content\/uploads\/2021\/05\/pavimento-calle-Colon.jpg 1280w\" sizes=\"(max-width: 1024px) 100vw, 1024px\" \/><\/p>\n<p>La ciudad de Calchaqu\u00ed contar\u00e1 con una inversi\u00f3n de $214.510.604,46, provenientes del Fondo de Obras Menores del Gobierno de la Provincia de Santa Fe. Los fondos est\u00e1n destinados a la realizaci\u00f3n de trabajos de pavimentaci\u00f3n en diversas calles de la localidad.<\/p>\n<p>El proyecto incluye obras en los siguientes tramos:<br \/>\n\u2022 Estanislao L\u00f3pez, entre Mitre y Tucum\u00e1n<br \/>\n\u2022 Ituzaing\u00f3, entre Bv. Belgrano y Rivadavia<br \/>\n\u2022 Ituzaing\u00f3, entre Rivadavia y Santa Fe<br \/>\n\u2022 San Lorenzo, entre San Mart\u00edn y Pueyrred\u00f3n<br \/>\n\u2022 Pueyrred\u00f3n, entre San Lorenzo y Salta<br \/>\n\u2022 Pueyrred\u00f3n, entre Salta y Col\u00f3n<br \/>\n\u2022 Salta, entre San Mart\u00edn y Pueyrred\u00f3n<br \/>\n\u2022 Salta, entre Pueyrred\u00f3n y Sargento Cabral<\/p>\n<p>La obra fue aprobada por el Concejo Deliberante de Calchaqu\u00ed mediante la Ordenanza enviada por el ejecutivo N.\u00ba 01\/2025, lo que habilita la utilizaci\u00f3n de los fondos y ejecuci\u00f3n de los trabajos correspondientes por parte del gobierno Municipal de Calchaqu\u00ed.<\/p>\n","protected":false},"excerpt":{"rendered":"<p>La provincia transfiri\u00f3 a la ciudad de Calchaqu\u00ed m\u00e1s de $214 millones provenientes del Fondo de Obras Menores para obras de pavimentaci\u00f3n, seg\u00fan la ordenanza N\u00b0 01\/2025 del Concejo Municipal presentada por&#46;&#46;&#46;<\/p>\n","protected":false},"author":1,"featured_media":13950,"comment_status":"closed","ping_status":"closed","sticky":false,"template":"","format":"standard","meta":[],"categories":[2,3,16,10],"tags":[],"_links":{"self":[{"href":"https:\/\/www.revistarescatados.com.ar\/web\/wp-json\/wp\/v2\/posts\/24194"}],"collection":[{"href":"https:\/\/www.revistarescatados.com.ar\/web\/wp-json\/wp\/v2\/posts"}],"about":[{"href":"https:\/\/www.revistarescatados.com.ar\/web\/wp-json\/wp\/v2\/types\/post"}],"author":[{"embeddable":true,"href":"https:\/\/www.revistarescatados.com.ar\/web\/wp-json\/wp\/v2\/users\/1"}],"replies":[{"embeddable":true,"href":"https:\/\/www.revistarescatados.com.ar\/web\/wp-json\/wp\/v2\/comments?post=24194"}],"version-history":[{"count":1,"href":"https:\/\/www.revistarescatados.com.ar\/web\/wp-json\/wp\/v2\/posts\/24194\/revisions"}],"predecessor-version":[{"id":24195,"href":"https:\/\/www.revistarescatados.com.ar\/web\/wp-json\/wp\/v2\/posts\/24194\/revisions\/24195"}],"wp:featuredmedia":[{"embeddable":true,"href":"https:\/\/www.revistarescatados.com.ar\/web\/wp-json\/wp\/v2\/media\/13950"}],"wp:attachment":[{"href":"https:\/\/www.revistarescatados.com.ar\/web\/wp-json\/wp\/v2\/media?parent=24194"}],"wp:term":[{"taxonomy":"category","embeddable":true,"href":"https:\/\/www.revistarescatados.com.ar\/web\/wp-json\/wp\/v2\/categories?post=24194"},{"taxonomy":"post_tag","embeddable":true,"href":"https:\/\/www.revistarescatados.com.ar\/web\/wp-json\/wp\/v2\/tags?post=24194"}],"curies":[{"name":"wp","href":"https:\/\/api.w.org\/{rel}","templated":true}]}}