{"id":24196,"date":"2025-06-05T22:39:38","date_gmt":"2025-06-06T01:39:38","guid":{"rendered":"https:\/\/www.revistarescatados.com.ar\/web\/?p=24196"},"modified":"2025-06-05T22:39:38","modified_gmt":"2025-06-06T01:39:38","slug":"en-san-justo-hallaron-abandonada-la-camioneta-del-profugo-por-el-robo-a-una-familia-de-gobernador-crespo","status":"publish","type":"post","link":"https:\/\/www.revistarescatados.com.ar\/web\/2025\/06\/05\/en-san-justo-hallaron-abandonada-la-camioneta-del-profugo-por-el-robo-a-una-familia-de-gobernador-crespo\/","title":{"rendered":"En San Justo hallaron abandonada la camioneta del pr\u00f3fugo por el robo a una familia de Gobernador Crespo"},"content":{"rendered":"<p><strong>La camioneta Amarok blanca ten\u00eda un neum\u00e1tico averiado y fue abandonada frente a un comercio sobre la ruta nacional 11, al norte de la ciudad de San Justo. Se pudo establecer que guarda relaci\u00f3n con el robo y la identidad del titular de la provincia de Buenos Aires que huy\u00f3 el martes a la noche.<\/strong><\/p>\n<p><img loading=\"lazy\" class=\"aligncenter size-full wp-image-24197\" src=\"http:\/\/www.revistarescatados.com.ar\/web\/wp-content\/uploads\/2025\/06\/CAMIONETA-ABANDONADA.jpg\" alt=\"\" width=\"697\" height=\"467\" srcset=\"https:\/\/www.revistarescatados.com.ar\/web\/wp-content\/uploads\/2025\/06\/CAMIONETA-ABANDONADA.jpg 697w, https:\/\/www.revistarescatados.com.ar\/web\/wp-content\/uploads\/2025\/06\/CAMIONETA-ABANDONADA-300x201.jpg 300w\" sizes=\"(max-width: 697px) 100vw, 697px\" \/><\/p>\n<p>Este jueves 5 de junio, se tom\u00f3 conocimiento de la presencia de una camioneta marca VW Amarok, color blanco, abandonada sobre la Ruta Nacional N\u00b0 11, Km 568.5.<\/p>\n<p>El veh\u00edculo presentaba da\u00f1os en su rueda delantera del lado del conductor fue hallado frente a un comercio sin ocupantes.<\/p>\n<p>Tras consultar el sistema del Registro del Automotor, se estableci\u00f3 que el titular del dominio es un ciudadano de la provincia de Buenos Aires.<\/p>\n<p>Ante las circunstancias del hecho ocurrido en Gobernador Crespo, se realizaron las tareas investigativas correspondientes, tras registros f\u00edlmicos y dem\u00e1s diligencias policiales se pudo establecer que este veh\u00edculo ten\u00eda relaci\u00f3n con el hecho de Robo y Privaci\u00f3n ileg\u00edtima de la libertad.<\/p>\n<p>En el interior del veh\u00edculo se procedi\u00f3 al secuestro de elementos de inter\u00e9s para la presente causa. \u00a0Intervino en el caso el Fiscal Dr. Francisco Cecchini, quien dispuso diversas medidas investigativas: secuestro del veh\u00edculo y pericias correspondientes. Trabaj\u00f3 en el lugar de acuerdo a lo dispuesto, el personal de Criminal\u00edstica P.D.I. Las diligencias contin\u00faan bajo la supervisi\u00f3n del Ministerio P\u00fablico de San Justo.<\/p>\n","protected":false},"excerpt":{"rendered":"<p>La camioneta Amarok blanca ten\u00eda un neum\u00e1tico averiado y fue abandonada frente a un comercio sobre la ruta nacional 11, al norte de la ciudad de San Justo. Se pudo establecer que&#46;&#46;&#46;<\/p>\n","protected":false},"author":1,"featured_media":24197,"comment_status":"closed","ping_status":"closed","sticky":false,"template":"","format":"standard","meta":[],"categories":[4,16,11,14],"tags":[],"_links":{"self":[{"href":"https:\/\/www.revistarescatados.com.ar\/web\/wp-json\/wp\/v2\/posts\/24196"}],"collection":[{"href":"https:\/\/www.revistarescatados.com.ar\/web\/wp-json\/wp\/v2\/posts"}],"about":[{"href":"https:\/\/www.revistarescatados.com.ar\/web\/wp-json\/wp\/v2\/types\/post"}],"author":[{"embeddable":true,"href":"https:\/\/www.revistarescatados.com.ar\/web\/wp-json\/wp\/v2\/users\/1"}],"replies":[{"embeddable":true,"href":"https:\/\/www.revistarescatados.com.ar\/web\/wp-json\/wp\/v2\/comments?post=24196"}],"version-history":[{"count":1,"href":"https:\/\/www.revistarescatados.com.ar\/web\/wp-json\/wp\/v2\/posts\/24196\/revisions"}],"predecessor-version":[{"id":24198,"href":"https:\/\/www.revistarescatados.com.ar\/web\/wp-json\/wp\/v2\/posts\/24196\/revisions\/24198"}],"wp:featuredmedia":[{"embeddable":true,"href":"https:\/\/www.revistarescatados.com.ar\/web\/wp-json\/wp\/v2\/media\/24197"}],"wp:attachment":[{"href":"https:\/\/www.revistarescatados.com.ar\/web\/wp-json\/wp\/v2\/media?parent=24196"}],"wp:term":[{"taxonomy":"category","embeddable":true,"href":"https:\/\/www.revistarescatados.com.ar\/web\/wp-json\/wp\/v2\/categories?post=24196"},{"taxonomy":"post_tag","embeddable":true,"href":"https:\/\/www.revistarescatados.com.ar\/web\/wp-json\/wp\/v2\/tags?post=24196"}],"curies":[{"name":"wp","href":"https:\/\/api.w.org\/{rel}","templated":true}]}}