{"id":24247,"date":"2025-06-13T09:43:46","date_gmt":"2025-06-13T12:43:46","guid":{"rendered":"https:\/\/www.revistarescatados.com.ar\/web\/?p=24247"},"modified":"2025-06-13T09:43:46","modified_gmt":"2025-06-13T12:43:46","slug":"la-camara-de-diputados-acompano-el-reclamo-por-mas-anestesistas-en-el-hospital-de-vera","status":"publish","type":"post","link":"https:\/\/www.revistarescatados.com.ar\/web\/2025\/06\/13\/la-camara-de-diputados-acompano-el-reclamo-por-mas-anestesistas-en-el-hospital-de-vera\/","title":{"rendered":"La C\u00e1mara de Diputados acompa\u00f1\u00f3 el reclamo por m\u00e1s anestesistas en el Hospital de Vera"},"content":{"rendered":"<p>&nbsp;<\/p>\n<p>&nbsp;<\/p>\n<p><strong>Se aprob\u00f3 un proyecto del diputado Rojas que solicita reforzar el servicio de anestesiolog\u00eda en el principal centro de salud del norte provincial.<\/strong><\/p>\n<p><img loading=\"lazy\" class=\"aligncenter size-full wp-image-22388\" src=\"http:\/\/www.revistarescatados.com.ar\/web\/wp-content\/uploads\/2024\/08\/Diputado-Rojas.jpg\" alt=\"\" width=\"776\" height=\"520\" srcset=\"https:\/\/www.revistarescatados.com.ar\/web\/wp-content\/uploads\/2024\/08\/Diputado-Rojas.jpg 776w, https:\/\/www.revistarescatados.com.ar\/web\/wp-content\/uploads\/2024\/08\/Diputado-Rojas-300x201.jpg 300w, https:\/\/www.revistarescatados.com.ar\/web\/wp-content\/uploads\/2024\/08\/Diputado-Rojas-768x515.jpg 768w\" sizes=\"(max-width: 776px) 100vw, 776px\" \/><\/p>\n<p>La C\u00e1mara de Diputadas y Diputados de la provincia de Santa Fe aprob\u00f3 este jueves un proyecto del diputado verense *Sergio \u201cChiqui\u201d Rojas* que busca visibilizar la necesidad de fortalecer el servicio de anestesiolog\u00eda en el Hospital Regional de Vera, que actualmente cuenta con profesionales solo dos veces por semana.<\/p>\n<p>&nbsp;<\/p>\n<p>La iniciativa responde a un reclamo sostenido por instituciones y trabajadores de la salud del norte santafesino, ante la creciente demanda de atenci\u00f3n y las demoras en cirug\u00edas programadas.<\/p>\n<p>&nbsp;<\/p>\n<p>\u201cEste proyecto es una forma de acompa\u00f1ar desde la Legislatura a quienes vienen planteando esta necesidad desde hace tiempo. El objetivo es sumar herramientas que permitan seguir mejorando el acceso a la salud en nuestra regi\u00f3n\u201d, expres\u00f3 Rojas.<\/p>\n<p>&nbsp;<\/p>\n<p><strong>Preocupaci\u00f3n por la situaci\u00f3n del Hospital Garrahan<\/strong><\/p>\n<p>&nbsp;<\/p>\n<p>Durante la misma sesi\u00f3n, el diputado Rojas tambi\u00e9n manifest\u00f3 su profunda preocupaci\u00f3n por la crisis que atraviesa el Hospital Garrahan, uno de los centros pedi\u00e1tricos m\u00e1s importantes de Am\u00e9rica Latina.<\/p>\n<p>&nbsp;<\/p>\n<p>\u201cLa salud de los ni\u00f1os argentinos que se tratan en el Garrahan no puede partidizarse. Lamentablemente, se intenta construir un discurso atravesado por la grieta, y eso es doloroso y triste\u201d, expres\u00f3 el legislador.<\/p>\n<p>&nbsp;<\/p>\n<p>En ese sentido, pidi\u00f3 un compromiso com\u00fan de todos los bloques: \u201cEs una obligaci\u00f3n moral de todos los diputados. Ojal\u00e1 este proyecto se hubiese aprobado por unanimidad. Porque vuelvo a decir: no tenemos que admitir grieta en estos temas. Podemos discutir muchas cosas, pero no esto. Les pido, por favor, que lo tengamos presente para futuras ocasiones\u201d.<\/p>\n<p>&nbsp;<\/p>\n<p>Adem\u00e1s, advirti\u00f3 que \u201cel 45% de los pacientes que se atienden en el Garrahan provienen del interior del pa\u00eds. Por eso, cuando se desfinancia el Garrahan, tambi\u00e9n se est\u00e1 desfinanciando al sistema de salud de Santa Fe.\u201d<\/p>\n<p>&nbsp;<\/p>\n<p>\u201cRespeto el equilibrio fiscal y cuidar las cuentas, pero nunca lo har\u00e9 a costa del d\u00e9ficit en la salud p\u00fablica de nuestros ni\u00f1os. Defender a nuestras infancias, especialmente en los momentos m\u00e1s dif\u00edciles, como cuando atraviesan problemas de salud, debe ser un compromiso de todos los referentes pol\u00edticos de esta C\u00e1mara. Por eso agradezco a los diputados y diputadas que hoy se quedaron a debatir y votar este proyecto. Hay que defender al Garrahan\u201d, concluy\u00f3.<\/p>\n","protected":false},"excerpt":{"rendered":"<p>&nbsp; &nbsp; Se aprob\u00f3 un proyecto del diputado Rojas que solicita reforzar el servicio de anestesiolog\u00eda en el principal centro de salud del norte provincial. La C\u00e1mara de Diputadas y Diputados de&#46;&#46;&#46;<\/p>\n","protected":false},"author":1,"featured_media":22388,"comment_status":"closed","ping_status":"closed","sticky":false,"template":"","format":"standard","meta":[],"categories":[3,16,10,9],"tags":[],"_links":{"self":[{"href":"https:\/\/www.revistarescatados.com.ar\/web\/wp-json\/wp\/v2\/posts\/24247"}],"collection":[{"href":"https:\/\/www.revistarescatados.com.ar\/web\/wp-json\/wp\/v2\/posts"}],"about":[{"href":"https:\/\/www.revistarescatados.com.ar\/web\/wp-json\/wp\/v2\/types\/post"}],"author":[{"embeddable":true,"href":"https:\/\/www.revistarescatados.com.ar\/web\/wp-json\/wp\/v2\/users\/1"}],"replies":[{"embeddable":true,"href":"https:\/\/www.revistarescatados.com.ar\/web\/wp-json\/wp\/v2\/comments?post=24247"}],"version-history":[{"count":1,"href":"https:\/\/www.revistarescatados.com.ar\/web\/wp-json\/wp\/v2\/posts\/24247\/revisions"}],"predecessor-version":[{"id":24248,"href":"https:\/\/www.revistarescatados.com.ar\/web\/wp-json\/wp\/v2\/posts\/24247\/revisions\/24248"}],"wp:featuredmedia":[{"embeddable":true,"href":"https:\/\/www.revistarescatados.com.ar\/web\/wp-json\/wp\/v2\/media\/22388"}],"wp:attachment":[{"href":"https:\/\/www.revistarescatados.com.ar\/web\/wp-json\/wp\/v2\/media?parent=24247"}],"wp:term":[{"taxonomy":"category","embeddable":true,"href":"https:\/\/www.revistarescatados.com.ar\/web\/wp-json\/wp\/v2\/categories?post=24247"},{"taxonomy":"post_tag","embeddable":true,"href":"https:\/\/www.revistarescatados.com.ar\/web\/wp-json\/wp\/v2\/tags?post=24247"}],"curies":[{"name":"wp","href":"https:\/\/api.w.org\/{rel}","templated":true}]}}