{"id":24249,"date":"2025-06-16T21:49:36","date_gmt":"2025-06-17T00:49:36","guid":{"rendered":"https:\/\/www.revistarescatados.com.ar\/web\/?p=24249"},"modified":"2025-06-16T21:49:36","modified_gmt":"2025-06-17T00:49:36","slug":"con-ganas-de-terminar-la-escuela-en-lo-que-va-de-2025-las-inscripciones-al-programa-provincial-quedate-superaron-las-de-todo-2024","status":"publish","type":"post","link":"https:\/\/www.revistarescatados.com.ar\/web\/2025\/06\/16\/con-ganas-de-terminar-la-escuela-en-lo-que-va-de-2025-las-inscripciones-al-programa-provincial-quedate-superaron-las-de-todo-2024\/","title":{"rendered":"Con ganas de terminar la escuela: en lo que va de 2025 las inscripciones al programa provincial Quedate superaron las de todo 2024"},"content":{"rendered":"<p>&nbsp;<\/p>\n<p><strong>Son tutor\u00edas virtuales para terminar la secundaria, que implementa el Gobierno de la Provincia. Hubo 23.469 inscripciones a las materias adeudas por parte de 8.395 estudiantes. En la primera cohorte del a\u00f1o ya se super\u00f3 la cifra de estudiantes inscriptos en todo el a\u00f1o pasado. En agosto se vuelve a abrir otra instancia para finalizar los estudios secundarios.<\/strong><\/p>\n<p><img loading=\"lazy\" class=\"aligncenter size-large wp-image-24189\" src=\"http:\/\/www.revistarescatados.com.ar\/web\/wp-content\/uploads\/2025\/06\/estudiante-1024x575.jpg\" alt=\"\" width=\"1024\" height=\"575\" srcset=\"https:\/\/www.revistarescatados.com.ar\/web\/wp-content\/uploads\/2025\/06\/estudiante-1024x575.jpg 1024w, https:\/\/www.revistarescatados.com.ar\/web\/wp-content\/uploads\/2025\/06\/estudiante-300x168.jpg 300w, https:\/\/www.revistarescatados.com.ar\/web\/wp-content\/uploads\/2025\/06\/estudiante-768x431.jpg 768w, https:\/\/www.revistarescatados.com.ar\/web\/wp-content\/uploads\/2025\/06\/estudiante.jpg 1140w\" sizes=\"(max-width: 1024px) 100vw, 1024px\" \/><\/p>\n<p>Desde el 3 al 12 de junio, 8.395 estudiantes de escuelas de Educaci\u00f3n Secundaria Orientada, T\u00e9cnico Profesional y de Ense\u00f1anza Media para Adultos que adeudan materias de los a\u00f1os 2020, 2021 y 2022 se anotaron al programa \u201cQuedate\u201d para rendir 23.469 materias con el objetivo de finalizar sus estudios secundarios.<\/p>\n<p>\u201cEste n\u00famero de estudiantes anotados en la primera instancia de inscripci\u00f3n super\u00f3 el n\u00famero total de 7.300 anotados en todo el a\u00f1o pasado y lo m\u00e1s importante es que todos estos alumnos se inscribieron en todas las materias que deben y no solo en algunas\u201d, explic\u00f3 la subsecretaria de Nivel Secundario del Ministerio de Educaci\u00f3n de la provincia, Mariela Bosio, al tiempo que agreg\u00f3 que \u201cen el mes de agosto se va a abrir la segunda instancia de inscripci\u00f3n para que m\u00e1s estudiantes se puedan anotar y obtener el t\u00edtulo secundario\u201d.<\/p>\n<p>Vale recordar que el programa \u201cQuedate\u201d es una iniciativa del Gobierno de Santa Fe, a trav\u00e9s del Ministerio de Educaci\u00f3n, que ofrece \u201ctutor\u00eda virtual, asincr\u00f3nica y vinculante\u201d a estudiantes de escuelas de Educaci\u00f3n Secundaria Orientada, T\u00e9cnico Profesional y de Ense\u00f1anza Media para Adultos que adeuden materias de los a\u00f1os 2020, 2021 y 2022.<\/p>\n<p>Las tutor\u00edas virtuales del programa \u201cQuedate\u201d tienen un cursado asincr\u00f3nico, lo que permite que los estudiantes puedan acceder al material de estudio y a las actividades de evaluaci\u00f3n en sus propios tiempos y espacios, una acreditaci\u00f3n vinculante, es decir, que la aprobaci\u00f3n de todas las actividades propuestas genera la aprobaci\u00f3n inmediata de las materias que se registran como pendiente en cada escuela y adem\u00e1s, tiene validez obligatoria donde cada escuela secundaria tiene acceso a la informaci\u00f3n sobre la participaci\u00f3n del estudiante, la calificaci\u00f3n obtenida y la obligaci\u00f3n de registrar la aprobaci\u00f3n como nota final.<\/p>\n<p><strong>Trabajo con escuelas<\/strong><\/p>\n<p>La subsecretaria de Educaci\u00f3n Secundaria agradeci\u00f3 \u201ca todos los equipos directivos, supervisores, preceptores y personal de Secretar\u00eda de las escuelas secundarias que acompa\u00f1aron a los estudiantes en la inscripci\u00f3n y que est\u00e1n orientando y ayudando permanentemente con las dudas e inquietudes de todos los estudiantes\u201d.<\/p>\n<p>Es importante destacar que aquellos estudiantes que no se hayan anotado en esta primera instancia pueden dirigirse a los establecimientos educativos ante cualquier duda y que en la pr\u00f3xima fecha de inscripci\u00f3n podr\u00e1n anotarse para rendir las materias adeudas.<\/p>\n<p>.<\/p>\n<p>&nbsp;<\/p>\n","protected":false},"excerpt":{"rendered":"<p>&nbsp; Son tutor\u00edas virtuales para terminar la secundaria, que implementa el Gobierno de la Provincia. Hubo 23.469 inscripciones a las materias adeudas por parte de 8.395 estudiantes. En la primera cohorte del&#46;&#46;&#46;<\/p>\n","protected":false},"author":1,"featured_media":24189,"comment_status":"closed","ping_status":"closed","sticky":false,"template":"","format":"standard","meta":[],"categories":[16,15,10,12],"tags":[],"_links":{"self":[{"href":"https:\/\/www.revistarescatados.com.ar\/web\/wp-json\/wp\/v2\/posts\/24249"}],"collection":[{"href":"https:\/\/www.revistarescatados.com.ar\/web\/wp-json\/wp\/v2\/posts"}],"about":[{"href":"https:\/\/www.revistarescatados.com.ar\/web\/wp-json\/wp\/v2\/types\/post"}],"author":[{"embeddable":true,"href":"https:\/\/www.revistarescatados.com.ar\/web\/wp-json\/wp\/v2\/users\/1"}],"replies":[{"embeddable":true,"href":"https:\/\/www.revistarescatados.com.ar\/web\/wp-json\/wp\/v2\/comments?post=24249"}],"version-history":[{"count":1,"href":"https:\/\/www.revistarescatados.com.ar\/web\/wp-json\/wp\/v2\/posts\/24249\/revisions"}],"predecessor-version":[{"id":24250,"href":"https:\/\/www.revistarescatados.com.ar\/web\/wp-json\/wp\/v2\/posts\/24249\/revisions\/24250"}],"wp:featuredmedia":[{"embeddable":true,"href":"https:\/\/www.revistarescatados.com.ar\/web\/wp-json\/wp\/v2\/media\/24189"}],"wp:attachment":[{"href":"https:\/\/www.revistarescatados.com.ar\/web\/wp-json\/wp\/v2\/media?parent=24249"}],"wp:term":[{"taxonomy":"category","embeddable":true,"href":"https:\/\/www.revistarescatados.com.ar\/web\/wp-json\/wp\/v2\/categories?post=24249"},{"taxonomy":"post_tag","embeddable":true,"href":"https:\/\/www.revistarescatados.com.ar\/web\/wp-json\/wp\/v2\/tags?post=24249"}],"curies":[{"name":"wp","href":"https:\/\/api.w.org\/{rel}","templated":true}]}}