{"id":24252,"date":"2025-06-16T22:11:21","date_gmt":"2025-06-17T01:11:21","guid":{"rendered":"https:\/\/www.revistarescatados.com.ar\/web\/?p=24252"},"modified":"2025-06-16T22:11:21","modified_gmt":"2025-06-17T01:11:21","slug":"reconocimiento-al-medico-cardiologo-claudio-sarramona-en-calchaqui","status":"publish","type":"post","link":"https:\/\/www.revistarescatados.com.ar\/web\/2025\/06\/16\/reconocimiento-al-medico-cardiologo-claudio-sarramona-en-calchaqui\/","title":{"rendered":"Reconocimiento al m\u00e9dico cardi\u00f3logo Claudio Sarramona en Calchaqu\u00ed"},"content":{"rendered":"<p><strong>El reconocido profesional de la salud fue designado como custodio de los principios saludables, en el marco del acto de inauguraci\u00f3n de la ampliaci\u00f3n del circuito pedestre. Se construyeron m\u00e1s de 700 metros de sendas, parquizaci\u00f3n e iluminaci\u00f3n led para revalorizar terrenos del exferrocarril.<\/strong><\/p>\n<p><img loading=\"lazy\" class=\"aligncenter size-full wp-image-24254\" src=\"http:\/\/www.revistarescatados.com.ar\/web\/wp-content\/uploads\/2025\/06\/Reconocimiento-Sarramona1.jpg\" alt=\"\" width=\"645\" height=\"441\" srcset=\"https:\/\/www.revistarescatados.com.ar\/web\/wp-content\/uploads\/2025\/06\/Reconocimiento-Sarramona1.jpg 645w, https:\/\/www.revistarescatados.com.ar\/web\/wp-content\/uploads\/2025\/06\/Reconocimiento-Sarramona1-300x205.jpg 300w\" sizes=\"(max-width: 645px) 100vw, 645px\" \/><br \/>\nAs\u00ed lo establece el decreto nro 38\/2025, firmado por el intendente Rub\u00e9n Oscar Cuello, que fuera compartido en el acto de inauguraci\u00f3n del espacio de recreaci\u00f3n al aire libre y caminata.<\/p>\n<p><img loading=\"lazy\" class=\"aligncenter size-full wp-image-24255\" src=\"http:\/\/www.revistarescatados.com.ar\/web\/wp-content\/uploads\/2025\/06\/circuito-pedestre.jpg\" alt=\"\" width=\"648\" height=\"747\" srcset=\"https:\/\/www.revistarescatados.com.ar\/web\/wp-content\/uploads\/2025\/06\/circuito-pedestre.jpg 648w, https:\/\/www.revistarescatados.com.ar\/web\/wp-content\/uploads\/2025\/06\/circuito-pedestre-260x300.jpg 260w\" sizes=\"(max-width: 648px) 100vw, 648px\" \/><br \/>\n<strong>ACTO DE INAUGURACI\u00d3N DE LA AMPLIACI\u00d3N DEL CIRCUITO PEDESTRE<\/strong><br \/>\nEn la tarde de este s\u00e1bado 14 de junio, se llevo a cabo el acto con la presencia de vecinos y autoridades. Por decreto N\u00b038\/2025 del ejecutivo municipal, se design\u00f3 al m\u00e9dico cardi\u00f3logo Dr. Claudio Sarramona como custodio del nuevo espacio de pedestrismo para la ciudad.<\/p>\n<p>Hubo palabras del Dr. Claudio Sarramona, el senador provincial Osvaldo Sosa y el intendente Rub\u00e9n Cuello. Se descubri\u00f3 una placa conmemorativa sobre un monolito erigido sobre la calle Urquiza, que fue cerrada al tr\u00e1nsito vehicular. Asi permite una caminata segura sobre el sendero, que fue parquizado y cuenta con una iluminaci\u00f3n led de alta calidad, desde calle Luis Chiara hasta calle 9 de Julio.<\/p>\n<p>&nbsp;<\/p>\n","protected":false},"excerpt":{"rendered":"<p>El reconocido profesional de la salud fue designado como custodio de los principios saludables, en el marco del acto de inauguraci\u00f3n de la ampliaci\u00f3n del circuito pedestre. Se construyeron m\u00e1s de 700&#46;&#46;&#46;<\/p>\n","protected":false},"author":1,"featured_media":24254,"comment_status":"closed","ping_status":"closed","sticky":false,"template":"","format":"standard","meta":[],"categories":[2,3,16,9,8],"tags":[],"_links":{"self":[{"href":"https:\/\/www.revistarescatados.com.ar\/web\/wp-json\/wp\/v2\/posts\/24252"}],"collection":[{"href":"https:\/\/www.revistarescatados.com.ar\/web\/wp-json\/wp\/v2\/posts"}],"about":[{"href":"https:\/\/www.revistarescatados.com.ar\/web\/wp-json\/wp\/v2\/types\/post"}],"author":[{"embeddable":true,"href":"https:\/\/www.revistarescatados.com.ar\/web\/wp-json\/wp\/v2\/users\/1"}],"replies":[{"embeddable":true,"href":"https:\/\/www.revistarescatados.com.ar\/web\/wp-json\/wp\/v2\/comments?post=24252"}],"version-history":[{"count":1,"href":"https:\/\/www.revistarescatados.com.ar\/web\/wp-json\/wp\/v2\/posts\/24252\/revisions"}],"predecessor-version":[{"id":24256,"href":"https:\/\/www.revistarescatados.com.ar\/web\/wp-json\/wp\/v2\/posts\/24252\/revisions\/24256"}],"wp:featuredmedia":[{"embeddable":true,"href":"https:\/\/www.revistarescatados.com.ar\/web\/wp-json\/wp\/v2\/media\/24254"}],"wp:attachment":[{"href":"https:\/\/www.revistarescatados.com.ar\/web\/wp-json\/wp\/v2\/media?parent=24252"}],"wp:term":[{"taxonomy":"category","embeddable":true,"href":"https:\/\/www.revistarescatados.com.ar\/web\/wp-json\/wp\/v2\/categories?post=24252"},{"taxonomy":"post_tag","embeddable":true,"href":"https:\/\/www.revistarescatados.com.ar\/web\/wp-json\/wp\/v2\/tags?post=24252"}],"curies":[{"name":"wp","href":"https:\/\/api.w.org\/{rel}","templated":true}]}}