{"id":24285,"date":"2025-06-20T00:44:27","date_gmt":"2025-06-20T03:44:27","guid":{"rendered":"https:\/\/www.revistarescatados.com.ar\/web\/?p=24285"},"modified":"2025-06-20T00:44:27","modified_gmt":"2025-06-20T03:44:27","slug":"vera-y-pintado-ya-cuenta-con-su-nueva-oficina-del-registro-civil","status":"publish","type":"post","link":"https:\/\/www.revistarescatados.com.ar\/web\/2025\/06\/20\/vera-y-pintado-ya-cuenta-con-su-nueva-oficina-del-registro-civil\/","title":{"rendered":"Vera y Pintado ya cuenta con su nueva oficina del registro civil"},"content":{"rendered":"<p><strong>Funciona en el edificio de la Cooperativa (CoopVeLac) y permitir\u00e1 a los vecinos de toda la zona de influencia realizar tr\u00e1mites de manera eficiente y sin tener que desplazarse largas distancias.<\/strong><\/p>\n<p><strong> <img loading=\"lazy\" class=\"aligncenter size-large wp-image-24287\" src=\"http:\/\/www.revistarescatados.com.ar\/web\/wp-content\/uploads\/2025\/06\/Registro-civil-Vera-y-Pintado-1024x768.jpg\" alt=\"\" width=\"1024\" height=\"768\" srcset=\"https:\/\/www.revistarescatados.com.ar\/web\/wp-content\/uploads\/2025\/06\/Registro-civil-Vera-y-Pintado-1024x768.jpg 1024w, https:\/\/www.revistarescatados.com.ar\/web\/wp-content\/uploads\/2025\/06\/Registro-civil-Vera-y-Pintado-300x225.jpg 300w, https:\/\/www.revistarescatados.com.ar\/web\/wp-content\/uploads\/2025\/06\/Registro-civil-Vera-y-Pintado-768x576.jpg 768w, https:\/\/www.revistarescatados.com.ar\/web\/wp-content\/uploads\/2025\/06\/Registro-civil-Vera-y-Pintado.jpg 1440w\" sizes=\"(max-width: 1024px) 100vw, 1024px\" \/><\/strong><br \/>\nLa oficina del Registro Civil brindar\u00eda servicios esenciales como: Inscripci\u00f3n de Nacimientos, Matrimonios, tr\u00e1mites de Defunciones y Otros Actos Jur\u00eddicos.<\/p>\n<p>Es importante destacar que he gestionado anteriormente la apertura de oficinas del Registro Civil en otras localidades del Departamento San Justo, como La Criolla y Pedro G\u00f3mez Cello y estas oficinas ya est\u00e1n funcionando y brindando servicios a la comunidad.<\/p>\n","protected":false},"excerpt":{"rendered":"<p>Funciona en el edificio de la Cooperativa (CoopVeLac) y permitir\u00e1 a los vecinos de toda la zona de influencia realizar tr\u00e1mites de manera eficiente y sin tener que desplazarse largas distancias. La&#46;&#46;&#46;<\/p>\n","protected":false},"author":1,"featured_media":24287,"comment_status":"closed","ping_status":"closed","sticky":false,"template":"","format":"standard","meta":[],"categories":[4,16,10,8],"tags":[],"_links":{"self":[{"href":"https:\/\/www.revistarescatados.com.ar\/web\/wp-json\/wp\/v2\/posts\/24285"}],"collection":[{"href":"https:\/\/www.revistarescatados.com.ar\/web\/wp-json\/wp\/v2\/posts"}],"about":[{"href":"https:\/\/www.revistarescatados.com.ar\/web\/wp-json\/wp\/v2\/types\/post"}],"author":[{"embeddable":true,"href":"https:\/\/www.revistarescatados.com.ar\/web\/wp-json\/wp\/v2\/users\/1"}],"replies":[{"embeddable":true,"href":"https:\/\/www.revistarescatados.com.ar\/web\/wp-json\/wp\/v2\/comments?post=24285"}],"version-history":[{"count":2,"href":"https:\/\/www.revistarescatados.com.ar\/web\/wp-json\/wp\/v2\/posts\/24285\/revisions"}],"predecessor-version":[{"id":24289,"href":"https:\/\/www.revistarescatados.com.ar\/web\/wp-json\/wp\/v2\/posts\/24285\/revisions\/24289"}],"wp:featuredmedia":[{"embeddable":true,"href":"https:\/\/www.revistarescatados.com.ar\/web\/wp-json\/wp\/v2\/media\/24287"}],"wp:attachment":[{"href":"https:\/\/www.revistarescatados.com.ar\/web\/wp-json\/wp\/v2\/media?parent=24285"}],"wp:term":[{"taxonomy":"category","embeddable":true,"href":"https:\/\/www.revistarescatados.com.ar\/web\/wp-json\/wp\/v2\/categories?post=24285"},{"taxonomy":"post_tag","embeddable":true,"href":"https:\/\/www.revistarescatados.com.ar\/web\/wp-json\/wp\/v2\/tags?post=24285"}],"curies":[{"name":"wp","href":"https:\/\/api.w.org\/{rel}","templated":true}]}}