{"id":24291,"date":"2025-06-24T17:24:59","date_gmt":"2025-06-24T20:24:59","guid":{"rendered":"https:\/\/www.revistarescatados.com.ar\/web\/?p=24291"},"modified":"2025-06-24T17:24:59","modified_gmt":"2025-06-24T20:24:59","slug":"exitosa-fiesta-del-pueblo-vivio-calchaqui-este-fin-de-semana","status":"publish","type":"post","link":"https:\/\/www.revistarescatados.com.ar\/web\/2025\/06\/24\/exitosa-fiesta-del-pueblo-vivio-calchaqui-este-fin-de-semana\/","title":{"rendered":"Exitosa &#8220;Fiesta del pueblo&#8221; vivi\u00f3 Calchaqu\u00ed este fin de semana"},"content":{"rendered":"<p><strong>Del viernes 20 al domingo 22 de junio, cientos de feriantes coparon el coraz\u00f3n de la ciudad para exponer sus productos. Frente a la parroquia, se realizaron festivales musicales y chamameceada para el disfrute de miles de vecinos y turistas en el marco de las fiestas patronales.<\/strong><\/p>\n<p><img loading=\"lazy\" class=\"aligncenter size-large wp-image-24292\" src=\"http:\/\/www.revistarescatados.com.ar\/web\/wp-content\/uploads\/2025\/06\/Fiesta-del-pueblo-1024x576.jpg\" alt=\"\" width=\"1024\" height=\"576\" srcset=\"https:\/\/www.revistarescatados.com.ar\/web\/wp-content\/uploads\/2025\/06\/Fiesta-del-pueblo-1024x576.jpg 1024w, https:\/\/www.revistarescatados.com.ar\/web\/wp-content\/uploads\/2025\/06\/Fiesta-del-pueblo-300x169.jpg 300w, https:\/\/www.revistarescatados.com.ar\/web\/wp-content\/uploads\/2025\/06\/Fiesta-del-pueblo-768x432.jpg 768w, https:\/\/www.revistarescatados.com.ar\/web\/wp-content\/uploads\/2025\/06\/Fiesta-del-pueblo-1536x864.jpg 1536w, https:\/\/www.revistarescatados.com.ar\/web\/wp-content\/uploads\/2025\/06\/Fiesta-del-pueblo.jpg 2016w\" sizes=\"(max-width: 1024px) 100vw, 1024px\" \/><\/p>\n<p>La jornada soleada del viernes 20 de junio, alent\u00f3 la visita de miles de asistentes a compartir en familia estas fiestas patronales. Al espect\u00e1culo musical y art\u00edstico organizado por la parroquia San Luis Gonzaga, se sumaron cientos de stands en la feria de artesanos, emprendedores, paseo gastron\u00f3mico, juegos, stands institucionales como la instalaci\u00f3n de un inflable gigante para la prevenci\u00f3n del c\u00e1ncer de colon, en la explanada de la plaza 25 de mayo, para brindar informaci\u00f3n y concientizar sobre esta enfermedad.<\/p>\n<p><img loading=\"lazy\" class=\"aligncenter size-large wp-image-24293\" src=\"http:\/\/www.revistarescatados.com.ar\/web\/wp-content\/uploads\/2025\/06\/Fiesta-del-pueblo-1-1024x577.jpg\" alt=\"\" width=\"1024\" height=\"577\" srcset=\"https:\/\/www.revistarescatados.com.ar\/web\/wp-content\/uploads\/2025\/06\/Fiesta-del-pueblo-1-1024x577.jpg 1024w, https:\/\/www.revistarescatados.com.ar\/web\/wp-content\/uploads\/2025\/06\/Fiesta-del-pueblo-1-300x169.jpg 300w, https:\/\/www.revistarescatados.com.ar\/web\/wp-content\/uploads\/2025\/06\/Fiesta-del-pueblo-1-768x432.jpg 768w, https:\/\/www.revistarescatados.com.ar\/web\/wp-content\/uploads\/2025\/06\/Fiesta-del-pueblo-1-1536x865.jpg 1536w, https:\/\/www.revistarescatados.com.ar\/web\/wp-content\/uploads\/2025\/06\/Fiesta-del-pueblo-1.jpg 2048w\" sizes=\"(max-width: 1024px) 100vw, 1024px\" \/><\/p>\n<div class=\"x14z9mp xat24cr x1lziwak x1vvkbs xtlvy1s x126k92a\">\n<div dir=\"auto\">En el acto de inauguraci\u00f3n estuvieron presentes el intendente Rub\u00e9n Cuello, el director del hospital Dr. Eduardo Chediak, el concejal Wilfredo Furrer, equipo de gesti\u00f3n territorial del senador Osvaldo Sosa, alumnos de la carrera de enfermer\u00eda del Instituto Superior del Profesorado nro. 66 de Calchaqu\u00ed y miembros del gabinete municipal.<\/div>\n<\/div>\n<p>El s\u00e1bado 21 de junio, los festejos continuaron con una chamameceada y m\u00e1s propuestas para recreaci\u00f3n familiar en el coraz\u00f3n de la ciudad. A pesar de la inestabilidad clim\u00e1tica imperante durante el tercer fin de semana de junio, la comunidad vivi\u00f3 a pleno su fiesta del pueblo 2025.<\/p>\n<p>&nbsp;<\/p>\n","protected":false},"excerpt":{"rendered":"<p>Del viernes 20 al domingo 22 de junio, cientos de feriantes coparon el coraz\u00f3n de la ciudad para exponer sus productos. Frente a la parroquia, se realizaron festivales musicales y chamameceada para&#46;&#46;&#46;<\/p>\n","protected":false},"author":1,"featured_media":24292,"comment_status":"closed","ping_status":"closed","sticky":false,"template":"","format":"standard","meta":[],"categories":[2,7,3,16,9,8],"tags":[],"_links":{"self":[{"href":"https:\/\/www.revistarescatados.com.ar\/web\/wp-json\/wp\/v2\/posts\/24291"}],"collection":[{"href":"https:\/\/www.revistarescatados.com.ar\/web\/wp-json\/wp\/v2\/posts"}],"about":[{"href":"https:\/\/www.revistarescatados.com.ar\/web\/wp-json\/wp\/v2\/types\/post"}],"author":[{"embeddable":true,"href":"https:\/\/www.revistarescatados.com.ar\/web\/wp-json\/wp\/v2\/users\/1"}],"replies":[{"embeddable":true,"href":"https:\/\/www.revistarescatados.com.ar\/web\/wp-json\/wp\/v2\/comments?post=24291"}],"version-history":[{"count":1,"href":"https:\/\/www.revistarescatados.com.ar\/web\/wp-json\/wp\/v2\/posts\/24291\/revisions"}],"predecessor-version":[{"id":24294,"href":"https:\/\/www.revistarescatados.com.ar\/web\/wp-json\/wp\/v2\/posts\/24291\/revisions\/24294"}],"wp:featuredmedia":[{"embeddable":true,"href":"https:\/\/www.revistarescatados.com.ar\/web\/wp-json\/wp\/v2\/media\/24292"}],"wp:attachment":[{"href":"https:\/\/www.revistarescatados.com.ar\/web\/wp-json\/wp\/v2\/media?parent=24291"}],"wp:term":[{"taxonomy":"category","embeddable":true,"href":"https:\/\/www.revistarescatados.com.ar\/web\/wp-json\/wp\/v2\/categories?post=24291"},{"taxonomy":"post_tag","embeddable":true,"href":"https:\/\/www.revistarescatados.com.ar\/web\/wp-json\/wp\/v2\/tags?post=24291"}],"curies":[{"name":"wp","href":"https:\/\/api.w.org\/{rel}","templated":true}]}}