{"id":24327,"date":"2025-06-27T17:39:28","date_gmt":"2025-06-27T20:39:28","guid":{"rendered":"https:\/\/www.revistarescatados.com.ar\/web\/?p=24327"},"modified":"2025-06-27T17:39:28","modified_gmt":"2025-06-27T20:39:28","slug":"epe-remodelara-la-red-de-baja-tension-en-barrio-reyes-de-san-justo","status":"publish","type":"post","link":"https:\/\/www.revistarescatados.com.ar\/web\/2025\/06\/27\/epe-remodelara-la-red-de-baja-tension-en-barrio-reyes-de-san-justo\/","title":{"rendered":"EPE remodelar\u00e1 la red de baja tensi\u00f3n en Barrio Reyes de San Justo"},"content":{"rendered":"<p>&nbsp;<\/p>\n<p><strong>Se trata de un recambio de 23 mil metros de cables y dos subestaciones nuevas para brindar un mejor servicio el\u00e9ctrico. Una inversi\u00f3n total de $ 714.246.223,98.<\/strong><\/p>\n<p>&nbsp;<\/p>\n<p>La Presidenta de la Empresa Provincial de la Energ\u00eda, Anah\u00ed Rodr\u00edguez junto al senador del Departamento San Justo, Rodrigo Borla firmaron el acta compromiso para ejecutar la reforma el\u00e9ctrica del Barrio Reyes en San Justo.<\/p>\n<p>\u201cEste compromiso viene en consonancia con lo que venimos haciendo desde el Gobierno Provincial, ahorro y control para luego volcar los recursos en la red el\u00e9ctrica que necesita este tipo de renovaci\u00f3n, vamos a cambiar el tendido existente por uno de mayor tecnolog\u00eda que va a tener como resultado un servicio de calidad\u201d\u2026, explic\u00f3 Rodr\u00edguez luego de la firma.<\/p>\n<p><img loading=\"lazy\" class=\"aligncenter size-large wp-image-24328\" src=\"http:\/\/www.revistarescatados.com.ar\/web\/wp-content\/uploads\/2025\/06\/SECTOR-EPE-ZONA-ESTE-1024x1024.jpg\" alt=\"\" width=\"1024\" height=\"1024\" srcset=\"https:\/\/www.revistarescatados.com.ar\/web\/wp-content\/uploads\/2025\/06\/SECTOR-EPE-ZONA-ESTE-1024x1024.jpg 1024w, https:\/\/www.revistarescatados.com.ar\/web\/wp-content\/uploads\/2025\/06\/SECTOR-EPE-ZONA-ESTE-300x300.jpg 300w, https:\/\/www.revistarescatados.com.ar\/web\/wp-content\/uploads\/2025\/06\/SECTOR-EPE-ZONA-ESTE-150x150.jpg 150w, https:\/\/www.revistarescatados.com.ar\/web\/wp-content\/uploads\/2025\/06\/SECTOR-EPE-ZONA-ESTE-768x768.jpg 768w, https:\/\/www.revistarescatados.com.ar\/web\/wp-content\/uploads\/2025\/06\/SECTOR-EPE-ZONA-ESTE-80x80.jpg 80w, https:\/\/www.revistarescatados.com.ar\/web\/wp-content\/uploads\/2025\/06\/SECTOR-EPE-ZONA-ESTE-320x320.jpg 320w, https:\/\/www.revistarescatados.com.ar\/web\/wp-content\/uploads\/2025\/06\/SECTOR-EPE-ZONA-ESTE.jpg 1080w\" sizes=\"(max-width: 1024px) 100vw, 1024px\" \/><\/p>\n<p><em><strong>Imagen: sector de la ciudad de San Justo donde la EPE realizar\u00e1 las obras.<\/strong><\/em><\/p>\n<p>La remodelaci\u00f3n comprende el cambio de conductores por cable preensamblado por unos 32 mil metros de longitud, dos subestaciones a\u00e9reas de 13,2 Kv con sus respectivos transformadores de 630 Kva y la mano de obra con personal propio. Toda la inversi\u00f3n corre por cuenta de la EPE y el Gobierno Provincial.<\/p>\n<p>&nbsp;<\/p>\n","protected":false},"excerpt":{"rendered":"<p>&nbsp; Se trata de un recambio de 23 mil metros de cables y dos subestaciones nuevas para brindar un mejor servicio el\u00e9ctrico. Una inversi\u00f3n total de $ 714.246.223,98. &nbsp; La Presidenta de&#46;&#46;&#46;<\/p>\n","protected":false},"author":1,"featured_media":24328,"comment_status":"closed","ping_status":"closed","sticky":false,"template":"","format":"standard","meta":[],"categories":[4,16,10,8],"tags":[],"_links":{"self":[{"href":"https:\/\/www.revistarescatados.com.ar\/web\/wp-json\/wp\/v2\/posts\/24327"}],"collection":[{"href":"https:\/\/www.revistarescatados.com.ar\/web\/wp-json\/wp\/v2\/posts"}],"about":[{"href":"https:\/\/www.revistarescatados.com.ar\/web\/wp-json\/wp\/v2\/types\/post"}],"author":[{"embeddable":true,"href":"https:\/\/www.revistarescatados.com.ar\/web\/wp-json\/wp\/v2\/users\/1"}],"replies":[{"embeddable":true,"href":"https:\/\/www.revistarescatados.com.ar\/web\/wp-json\/wp\/v2\/comments?post=24327"}],"version-history":[{"count":1,"href":"https:\/\/www.revistarescatados.com.ar\/web\/wp-json\/wp\/v2\/posts\/24327\/revisions"}],"predecessor-version":[{"id":24329,"href":"https:\/\/www.revistarescatados.com.ar\/web\/wp-json\/wp\/v2\/posts\/24327\/revisions\/24329"}],"wp:featuredmedia":[{"embeddable":true,"href":"https:\/\/www.revistarescatados.com.ar\/web\/wp-json\/wp\/v2\/media\/24328"}],"wp:attachment":[{"href":"https:\/\/www.revistarescatados.com.ar\/web\/wp-json\/wp\/v2\/media?parent=24327"}],"wp:term":[{"taxonomy":"category","embeddable":true,"href":"https:\/\/www.revistarescatados.com.ar\/web\/wp-json\/wp\/v2\/categories?post=24327"},{"taxonomy":"post_tag","embeddable":true,"href":"https:\/\/www.revistarescatados.com.ar\/web\/wp-json\/wp\/v2\/tags?post=24327"}],"curies":[{"name":"wp","href":"https:\/\/api.w.org\/{rel}","templated":true}]}}