{"id":24331,"date":"2025-06-27T17:58:32","date_gmt":"2025-06-27T20:58:32","guid":{"rendered":"https:\/\/www.revistarescatados.com.ar\/web\/?p=24331"},"modified":"2025-06-27T17:58:32","modified_gmt":"2025-06-27T20:58:32","slug":"cecla-70-de-calchaqui-realizo-una-feria-y-muestra-de-sus-cursos","status":"publish","type":"post","link":"https:\/\/www.revistarescatados.com.ar\/web\/2025\/06\/27\/cecla-70-de-calchaqui-realizo-una-feria-y-muestra-de-sus-cursos\/","title":{"rendered":"Cecla 70 de Calchaqu\u00ed realiz\u00f3 una feria y muestra de sus cursos"},"content":{"rendered":"<p><strong>En el establecimiento educativo ubicado en barrio Carlos Gardel, se llevo a cabo la exposici\u00f3n de trabajos realizados por alumnos y docentes de los diferentes cursos que se dictan en la instituci\u00f3n. Hasta el pr\u00f3ximo 18 de julio permanece abierta la inscripci\u00f3n para sus capacitaciones.<\/strong><\/p>\n<p><img loading=\"lazy\" class=\"aligncenter size-large wp-image-24332\" src=\"http:\/\/www.revistarescatados.com.ar\/web\/wp-content\/uploads\/2025\/06\/Muestra-del-CECLA-70-1024x770.jpg\" alt=\"\" width=\"1024\" height=\"770\" srcset=\"https:\/\/www.revistarescatados.com.ar\/web\/wp-content\/uploads\/2025\/06\/Muestra-del-CECLA-70-1024x770.jpg 1024w, https:\/\/www.revistarescatados.com.ar\/web\/wp-content\/uploads\/2025\/06\/Muestra-del-CECLA-70-300x226.jpg 300w, https:\/\/www.revistarescatados.com.ar\/web\/wp-content\/uploads\/2025\/06\/Muestra-del-CECLA-70-768x578.jpg 768w, https:\/\/www.revistarescatados.com.ar\/web\/wp-content\/uploads\/2025\/06\/Muestra-del-CECLA-70.jpg 1280w\" sizes=\"(max-width: 1024px) 100vw, 1024px\" \/><br \/>\nEste 25 de junio se realiz\u00f3 la primera Muestra y Feria del CECLA 6670 en el local escolar. Docentes y alumnos de los distintos cursos que se dictan en la instituci\u00f3n se lucieron con los trabajos presentados.<\/p>\n<p>Los cursos que expusieron sus trabajos fueron:<br \/>\n*Soldador B\u00e1sico<br \/>\n*Montador Electricista Domiciliario<br \/>\n*Colorista\/Permanestista,<br \/>\n*Ayudante de Cocina,<br \/>\n*Cap. Laboral en Masas y Pastas,<br \/>\n*Eventos Gastron\u00f3micos,<br \/>\n*Cocinero,<br \/>\n*Pastelero,<br \/>\n*Panadero,<br \/>\n*Auxiliar Administrativo Contable,<br \/>\n*Asistente Administrativo,<br \/>\n*Operador de inform\u00e1tica para Administraci\u00f3n y Gesti\u00f3n,<br \/>\n*Gestor\u00eda del Automotor,<br \/>\n*Armado y Mantenimiento de PC,<br \/>\n*Desarrollo de emprendimientos,<br \/>\n*Gestiones Administrativas y Bancarias,<br \/>\n*Auxiliar en Comercializaci\u00f3n y Marketing con Orientaci\u00f3n en Ventas y Atenci\u00f3n al Cliente,<br \/>\n*Vivero.<\/p>\n<p><img loading=\"lazy\" class=\"aligncenter size-large wp-image-24333\" src=\"http:\/\/www.revistarescatados.com.ar\/web\/wp-content\/uploads\/2025\/06\/Muestra-del-CECLA-70-1-1024x771.jpg\" alt=\"\" width=\"1024\" height=\"771\" srcset=\"https:\/\/www.revistarescatados.com.ar\/web\/wp-content\/uploads\/2025\/06\/Muestra-del-CECLA-70-1-1024x771.jpg 1024w, https:\/\/www.revistarescatados.com.ar\/web\/wp-content\/uploads\/2025\/06\/Muestra-del-CECLA-70-1-300x226.jpg 300w, https:\/\/www.revistarescatados.com.ar\/web\/wp-content\/uploads\/2025\/06\/Muestra-del-CECLA-70-1-768x578.jpg 768w, https:\/\/www.revistarescatados.com.ar\/web\/wp-content\/uploads\/2025\/06\/Muestra-del-CECLA-70-1-1536x1156.jpg 1536w, https:\/\/www.revistarescatados.com.ar\/web\/wp-content\/uploads\/2025\/06\/Muestra-del-CECLA-70-1.jpg 1600w\" sizes=\"(max-width: 1024px) 100vw, 1024px\" \/><\/p>\n<p>\ufe0fCabe destacar que, las inscripciones de los cursos del segundo cuatrimestre se realizar\u00e1n hasta el 18 de julio.<\/p>\n<p><a href=\"https:\/\/www.facebook.com\/photo?fbid=1345392060925646&amp;set=pcb.1345394544258731\"><strong>ALBUM DE FOTOS<\/strong><\/a><\/p>\n","protected":false},"excerpt":{"rendered":"<p>En el establecimiento educativo ubicado en barrio Carlos Gardel, se llevo a cabo la exposici\u00f3n de trabajos realizados por alumnos y docentes de los diferentes cursos que se dictan en la instituci\u00f3n.&#46;&#46;&#46;<\/p>\n","protected":false},"author":1,"featured_media":24332,"comment_status":"closed","ping_status":"closed","sticky":false,"template":"","format":"standard","meta":[],"categories":[2,3,16,15,10,8],"tags":[],"_links":{"self":[{"href":"https:\/\/www.revistarescatados.com.ar\/web\/wp-json\/wp\/v2\/posts\/24331"}],"collection":[{"href":"https:\/\/www.revistarescatados.com.ar\/web\/wp-json\/wp\/v2\/posts"}],"about":[{"href":"https:\/\/www.revistarescatados.com.ar\/web\/wp-json\/wp\/v2\/types\/post"}],"author":[{"embeddable":true,"href":"https:\/\/www.revistarescatados.com.ar\/web\/wp-json\/wp\/v2\/users\/1"}],"replies":[{"embeddable":true,"href":"https:\/\/www.revistarescatados.com.ar\/web\/wp-json\/wp\/v2\/comments?post=24331"}],"version-history":[{"count":1,"href":"https:\/\/www.revistarescatados.com.ar\/web\/wp-json\/wp\/v2\/posts\/24331\/revisions"}],"predecessor-version":[{"id":24334,"href":"https:\/\/www.revistarescatados.com.ar\/web\/wp-json\/wp\/v2\/posts\/24331\/revisions\/24334"}],"wp:featuredmedia":[{"embeddable":true,"href":"https:\/\/www.revistarescatados.com.ar\/web\/wp-json\/wp\/v2\/media\/24332"}],"wp:attachment":[{"href":"https:\/\/www.revistarescatados.com.ar\/web\/wp-json\/wp\/v2\/media?parent=24331"}],"wp:term":[{"taxonomy":"category","embeddable":true,"href":"https:\/\/www.revistarescatados.com.ar\/web\/wp-json\/wp\/v2\/categories?post=24331"},{"taxonomy":"post_tag","embeddable":true,"href":"https:\/\/www.revistarescatados.com.ar\/web\/wp-json\/wp\/v2\/tags?post=24331"}],"curies":[{"name":"wp","href":"https:\/\/api.w.org\/{rel}","templated":true}]}}