{"id":24339,"date":"2025-06-29T19:40:01","date_gmt":"2025-06-29T22:40:01","guid":{"rendered":"https:\/\/www.revistarescatados.com.ar\/web\/?p=24339"},"modified":"2025-06-29T20:32:44","modified_gmt":"2025-06-29T23:32:44","slug":"pablo-perello-juan-pablo-franco-y-malvina-kiferling-son-los-electos-concejales-de-calchaqui","status":"publish","type":"post","link":"https:\/\/www.revistarescatados.com.ar\/web\/2025\/06\/29\/pablo-perello-juan-pablo-franco-y-malvina-kiferling-son-los-electos-concejales-de-calchaqui\/","title":{"rendered":"Pablo Perello, Malvina Kiferling y Juan Pablo Franco son los electos concejales de Calchaqu\u00ed"},"content":{"rendered":"<p><strong>Con un 61% de votantes en las 30 mesas habilitadas, cerraron los comicios para renovar la mitad del concejo municipal. La lista liderada por Pablo Perello y Malvina Soledad Kiferling logr\u00f3 3351 votos, seguida por Unidos que postulaba a Juan Pablo Franco con 1441 votos y en tercer lugar la lista libertaria de Juan Jos\u00e9 Oberti con 968 votos.<\/strong><\/p>\n<p>Este domingo 29 de junio, se realizaron las elecciones generales para la categor\u00eda concejales en la ciudad de Calchaqu\u00ed. En el cierre de comicios en el departamento Vera a las 18 horas, el total de votantes alcanz\u00f3 al 53,55 % del padr\u00f3n, as\u00ed lo inform\u00f3 la Unidad Regional 19 de polic\u00eda.<\/p>\n<div class=\"x14z9mp xat24cr x1lziwak x1vvkbs xtlvy1s x126k92a\">\n<div dir=\"auto\">En la ciudad de Vera, se registr\u00f3 un 45,24% de votantes, mientras que en Calchaqu\u00ed el porcentual de asistencia a las urnas lleg\u00f3 al 60%, superando la media departamental. La g\u00e9lida jornada invernal hizo mella en la asistencia, sumado al poco inter\u00e9s en la elecci\u00f3n para renovar los concejos municipales de las dos ciudades del departamento.<\/div>\n<\/div>\n<p>Escrutadas las 30 mesas habilitadas en Calchaqu\u00ed, se impuso la lista del oficialismo liderada por el abogado Pablo Perello y la CPN Malvina Kiferling, en segundo lugar la lista encabezada por Juan Pablo Franco de Unidos para Cambiar Santa Fe y en tercer lugar la lista libertaria.<\/p>\n<p>Sobre un total 10.260 electores, hubo un 61 %. El total de votos v\u00e1lidos fue de 5907 sufragios. Se registraron solo 147 votos en blanco y 352 votos anulados.<\/p>\n<p><img loading=\"lazy\" class=\"aligncenter size-full wp-image-24340\" src=\"http:\/\/www.revistarescatados.com.ar\/web\/wp-content\/uploads\/2025\/06\/elecciones-CONCEJALES-2025.jpg\" alt=\"\" width=\"817\" height=\"864\" srcset=\"https:\/\/www.revistarescatados.com.ar\/web\/wp-content\/uploads\/2025\/06\/elecciones-CONCEJALES-2025.jpg 817w, https:\/\/www.revistarescatados.com.ar\/web\/wp-content\/uploads\/2025\/06\/elecciones-CONCEJALES-2025-284x300.jpg 284w, https:\/\/www.revistarescatados.com.ar\/web\/wp-content\/uploads\/2025\/06\/elecciones-CONCEJALES-2025-768x812.jpg 768w\" sizes=\"(max-width: 817px) 100vw, 817px\" \/><\/p>\n","protected":false},"excerpt":{"rendered":"<p>Con un 61% de votantes en las 30 mesas habilitadas, cerraron los comicios para renovar la mitad del concejo municipal. La lista liderada por Pablo Perello y Malvina Soledad Kiferling logr\u00f3 3351&#46;&#46;&#46;<\/p>\n","protected":false},"author":1,"featured_media":24341,"comment_status":"closed","ping_status":"closed","sticky":false,"template":"","format":"standard","meta":[],"categories":[2,3,16,10,8],"tags":[],"_links":{"self":[{"href":"https:\/\/www.revistarescatados.com.ar\/web\/wp-json\/wp\/v2\/posts\/24339"}],"collection":[{"href":"https:\/\/www.revistarescatados.com.ar\/web\/wp-json\/wp\/v2\/posts"}],"about":[{"href":"https:\/\/www.revistarescatados.com.ar\/web\/wp-json\/wp\/v2\/types\/post"}],"author":[{"embeddable":true,"href":"https:\/\/www.revistarescatados.com.ar\/web\/wp-json\/wp\/v2\/users\/1"}],"replies":[{"embeddable":true,"href":"https:\/\/www.revistarescatados.com.ar\/web\/wp-json\/wp\/v2\/comments?post=24339"}],"version-history":[{"count":2,"href":"https:\/\/www.revistarescatados.com.ar\/web\/wp-json\/wp\/v2\/posts\/24339\/revisions"}],"predecessor-version":[{"id":24353,"href":"https:\/\/www.revistarescatados.com.ar\/web\/wp-json\/wp\/v2\/posts\/24339\/revisions\/24353"}],"wp:featuredmedia":[{"embeddable":true,"href":"https:\/\/www.revistarescatados.com.ar\/web\/wp-json\/wp\/v2\/media\/24341"}],"wp:attachment":[{"href":"https:\/\/www.revistarescatados.com.ar\/web\/wp-json\/wp\/v2\/media?parent=24339"}],"wp:term":[{"taxonomy":"category","embeddable":true,"href":"https:\/\/www.revistarescatados.com.ar\/web\/wp-json\/wp\/v2\/categories?post=24339"},{"taxonomy":"post_tag","embeddable":true,"href":"https:\/\/www.revistarescatados.com.ar\/web\/wp-json\/wp\/v2\/tags?post=24339"}],"curies":[{"name":"wp","href":"https:\/\/api.w.org\/{rel}","templated":true}]}}