{"id":24368,"date":"2025-07-02T00:16:35","date_gmt":"2025-07-02T03:16:35","guid":{"rendered":"https:\/\/www.revistarescatados.com.ar\/web\/?p=24368"},"modified":"2025-07-02T00:16:35","modified_gmt":"2025-07-02T03:16:35","slug":"elecciones-2025-fueron-reelectos-los-presidentes-comunales-de-gobernador-crespo-colonia-dolores-vera-y-pintado-pedro-gomez-cello-ramayon-y-silva","status":"publish","type":"post","link":"https:\/\/www.revistarescatados.com.ar\/web\/2025\/07\/02\/elecciones-2025-fueron-reelectos-los-presidentes-comunales-de-gobernador-crespo-colonia-dolores-vera-y-pintado-pedro-gomez-cello-ramayon-y-silva\/","title":{"rendered":"Elecciones 2025: Fueron reelectos los presidentes comunales de Gobernador Crespo, Colonia Dolores, Vera y Pintado, Pedro Gomez Cello, Ramay\u00f3n y Silva"},"content":{"rendered":"<p><strong>Renovaron sus mandatos por un per\u00edodo de dos a\u00f1os Luciano Lemaire en Gobernador Crespo, Mario Villalba en Colonia Dolores, Juan Manuel Mena en Vera y Pintado, Romeo Diettiere en Pedro G\u00f3mez Cello, Martin Truchet en Ramay\u00f3n y Gabriel Fattoni\u00a0 \u00a0en Silva.<\/strong><\/p>\n<p><strong>Luciano Lemaire fue reelegido en Gobernador Crespo<\/strong><\/p>\n<p><img loading=\"lazy\" class=\"size-full wp-image-24369 alignleft\" src=\"http:\/\/www.revistarescatados.com.ar\/web\/wp-content\/uploads\/2025\/07\/lemaire.jpg\" alt=\"\" width=\"200\" height=\"203\" srcset=\"https:\/\/www.revistarescatados.com.ar\/web\/wp-content\/uploads\/2025\/07\/lemaire.jpg 200w, https:\/\/www.revistarescatados.com.ar\/web\/wp-content\/uploads\/2025\/07\/lemaire-80x80.jpg 80w\" sizes=\"(max-width: 200px) 100vw, 200px\" \/>Con un contundente respaldo en las urnas, Luciano Lemaire renov\u00f3 su mandato como presidente comunal. Representando al espacio M\u00e1s para Santa Fe, Lemaire obtuvo 2.349 votos, superando ampliamente a Camilo Fern\u00e1ndez, de Unidos para Cambiar Santa Fe, quien alcanz\u00f3 1.438 votos. De los 5.263 electores, sufrag\u00f3 un 74,25%. Hubo 43 votos en blanco y 78 anulados.<\/p>\n<p>Con una diferencia de 911 sufragios, la comunidad ratific\u00f3 su apoyo a la gesti\u00f3n de Lemaire, que continuar\u00e1 al frente de la comuna con nuevos desaf\u00edos y proyectos para los pr\u00f3ximos dos a\u00f1os.<\/p>\n<p><strong>Mario Villalba fue reelecto en Colonia Dolores<\/strong><\/p>\n<p><img loading=\"lazy\" class=\"size-full wp-image-24370 alignright\" src=\"http:\/\/www.revistarescatados.com.ar\/web\/wp-content\/uploads\/2025\/07\/villalba.jpg\" alt=\"\" width=\"200\" height=\"203\" srcset=\"https:\/\/www.revistarescatados.com.ar\/web\/wp-content\/uploads\/2025\/07\/villalba.jpg 200w, https:\/\/www.revistarescatados.com.ar\/web\/wp-content\/uploads\/2025\/07\/villalba-80x80.jpg 80w\" sizes=\"(max-width: 200px) 100vw, 200px\" \/>Con un gran respaldo de la comunidad, Mario Villalba logr\u00f3 la reelecci\u00f3n como presidente comunal, representando al espacio Unidos para Cambiar Santa Fe. Villalba obtuvo 345 votos, superando ampliamente a Lelio Giraudo, de M\u00e1s para Santa Fe, quien alcanz\u00f3 180 votos. Con una diferencia de 165 sufragios, el actual mandatario comunal renov\u00f3 su mandato y continuar\u00e1 al frente de la gesti\u00f3n local.<\/p>\n<p><strong>Juan Manuel Mena fue reelecto en Vera y Pintado<\/strong><\/p>\n<p><img loading=\"lazy\" class=\"size-full wp-image-24371 alignleft\" src=\"http:\/\/www.revistarescatados.com.ar\/web\/wp-content\/uploads\/2025\/07\/mena.jpg\" alt=\"\" width=\"200\" height=\"203\" srcset=\"https:\/\/www.revistarescatados.com.ar\/web\/wp-content\/uploads\/2025\/07\/mena.jpg 200w, https:\/\/www.revistarescatados.com.ar\/web\/wp-content\/uploads\/2025\/07\/mena-80x80.jpg 80w\" sizes=\"(max-width: 200px) 100vw, 200px\" \/>El actual presidente comunal Juan Manuel Mena logr\u00f3 la reelecci\u00f3n y continuar\u00e1 al frente de la comuna. Mena con su lista \u201cSin Miedo\u201d obtuvo 540 votos, superando con amplitud a Luciano Rodrigo Mendoza, de Unidos para Cambiar Santa Fe, quien alcanz\u00f3 235 votos. Con una diferencia de 305 sufragios, la ciudadan\u00eda ratific\u00f3 su confianza en la gesti\u00f3n de Mena, quien afrontar\u00e1 un nuevo per\u00edodo al frente del gobierno local.<\/p>\n<p><strong>Romeo Diettiere fue reelecto en Pedro G\u00f3mez Cello<\/strong><\/p>\n<p><img loading=\"lazy\" class=\"size-full wp-image-24372 alignright\" src=\"http:\/\/www.revistarescatados.com.ar\/web\/wp-content\/uploads\/2025\/07\/romeo.jpg\" alt=\"\" width=\"200\" height=\"203\" srcset=\"https:\/\/www.revistarescatados.com.ar\/web\/wp-content\/uploads\/2025\/07\/romeo.jpg 200w, https:\/\/www.revistarescatados.com.ar\/web\/wp-content\/uploads\/2025\/07\/romeo-80x80.jpg 80w\" sizes=\"(max-width: 200px) 100vw, 200px\" \/>Continuar\u00e1 al frente de la gesti\u00f3n local por los pr\u00f3ximos dos a\u00f1os. Representando al espacio Unidos para Cambiar Santa Fe, Diettiere obtuvo 311 votos, superando ampliamente a Myriam Ocampo, de M\u00e1s para Santa Fe, quien alcanz\u00f3 143 votos. Con una diferencia de 168 sufragios, renovaron su confianza en la gesti\u00f3n de Diettiere, que buscar\u00e1 consolidar los avances alcanzados y encarar nuevos proyectos para el desarrollo de la comuna.<\/p>\n<p><strong>Martin Truchet fue reelecto en Ramay\u00f3n<\/strong><\/p>\n<p><img loading=\"lazy\" class=\"size-full wp-image-24373 alignleft\" src=\"http:\/\/www.revistarescatados.com.ar\/web\/wp-content\/uploads\/2025\/07\/truchet.jpg\" alt=\"\" width=\"200\" height=\"203\" srcset=\"https:\/\/www.revistarescatados.com.ar\/web\/wp-content\/uploads\/2025\/07\/truchet.jpg 200w, https:\/\/www.revistarescatados.com.ar\/web\/wp-content\/uploads\/2025\/07\/truchet-80x80.jpg 80w\" sizes=\"(max-width: 200px) 100vw, 200px\" \/>En una jornada electoral desarrollada con total normalidad, Mart\u00edn Truchet renov\u00f3 su mandato como presidente comunal de Ramay\u00f3n al obtener una contundente victoria con 331 votos. Su contrincante, Avico, alcanz\u00f3 los 114 sufragios, mientras que se registraron 7 votos nulos.<\/p>\n<p>Con esta elecci\u00f3n, Ramay\u00f3n defini\u00f3 su conducci\u00f3n comunal para los pr\u00f3ximos dos a\u00f1os, en una votaci\u00f3n donde la participaci\u00f3n fue del 72%.<\/p>\n<p><strong>Gabriel Fattoni renov\u00f3 su mandato en Silva<\/strong><\/p>\n<p><img loading=\"lazy\" class=\"size-full wp-image-24374 alignright\" src=\"http:\/\/www.revistarescatados.com.ar\/web\/wp-content\/uploads\/2025\/07\/frattoni.jpg\" alt=\"\" width=\"200\" height=\"203\" srcset=\"https:\/\/www.revistarescatados.com.ar\/web\/wp-content\/uploads\/2025\/07\/frattoni.jpg 200w, https:\/\/www.revistarescatados.com.ar\/web\/wp-content\/uploads\/2025\/07\/frattoni-80x80.jpg 80w\" sizes=\"(max-width: 200px) 100vw, 200px\" \/>Con 166 votos, fue la \u00fanica lista presentada en las elecciones generales. De los 456 electores, vot\u00f3 el 40% en las dos mesas habilitadas. Solo se registraron 15 votos en blanco y 2 anulados.<\/p>\n","protected":false},"excerpt":{"rendered":"<p>Renovaron sus mandatos por un per\u00edodo de dos a\u00f1os Luciano Lemaire en Gobernador Crespo, Mario Villalba en Colonia Dolores, Juan Manuel Mena en Vera y Pintado, Romeo Diettiere en Pedro G\u00f3mez Cello,&#46;&#46;&#46;<\/p>\n","protected":false},"author":1,"featured_media":24375,"comment_status":"closed","ping_status":"closed","sticky":false,"template":"","format":"standard","meta":[],"categories":[4,16,10,13,8],"tags":[],"_links":{"self":[{"href":"https:\/\/www.revistarescatados.com.ar\/web\/wp-json\/wp\/v2\/posts\/24368"}],"collection":[{"href":"https:\/\/www.revistarescatados.com.ar\/web\/wp-json\/wp\/v2\/posts"}],"about":[{"href":"https:\/\/www.revistarescatados.com.ar\/web\/wp-json\/wp\/v2\/types\/post"}],"author":[{"embeddable":true,"href":"https:\/\/www.revistarescatados.com.ar\/web\/wp-json\/wp\/v2\/users\/1"}],"replies":[{"embeddable":true,"href":"https:\/\/www.revistarescatados.com.ar\/web\/wp-json\/wp\/v2\/comments?post=24368"}],"version-history":[{"count":1,"href":"https:\/\/www.revistarescatados.com.ar\/web\/wp-json\/wp\/v2\/posts\/24368\/revisions"}],"predecessor-version":[{"id":24376,"href":"https:\/\/www.revistarescatados.com.ar\/web\/wp-json\/wp\/v2\/posts\/24368\/revisions\/24376"}],"wp:featuredmedia":[{"embeddable":true,"href":"https:\/\/www.revistarescatados.com.ar\/web\/wp-json\/wp\/v2\/media\/24375"}],"wp:attachment":[{"href":"https:\/\/www.revistarescatados.com.ar\/web\/wp-json\/wp\/v2\/media?parent=24368"}],"wp:term":[{"taxonomy":"category","embeddable":true,"href":"https:\/\/www.revistarescatados.com.ar\/web\/wp-json\/wp\/v2\/categories?post=24368"},{"taxonomy":"post_tag","embeddable":true,"href":"https:\/\/www.revistarescatados.com.ar\/web\/wp-json\/wp\/v2\/tags?post=24368"}],"curies":[{"name":"wp","href":"https:\/\/api.w.org\/{rel}","templated":true}]}}