{"id":24389,"date":"2025-07-03T15:34:24","date_gmt":"2025-07-03T18:34:24","guid":{"rendered":"https:\/\/www.revistarescatados.com.ar\/web\/?p=24389"},"modified":"2025-07-03T15:34:24","modified_gmt":"2025-07-03T18:34:24","slug":"en-la-penca-se-licitaran-obras-de-los-accesos-al-puente-sobre-el-rio-salado","status":"publish","type":"post","link":"https:\/\/www.revistarescatados.com.ar\/web\/2025\/07\/03\/en-la-penca-se-licitaran-obras-de-los-accesos-al-puente-sobre-el-rio-salado\/","title":{"rendered":"En La Penca se licitar\u00e1n obras de los accesos al puente sobre el r\u00edo salado"},"content":{"rendered":"<p><strong>El Senador Provincial Rodrigo Borla dio a conocer en las \u00faltimas horas que el pr\u00f3ximo 25 de julio del corriente a la hora 10 en la sede comunal de esa localidad ubicada en el centro oeste del departamento San Justo se conocer\u00e1n las ofertas para las tan requeridas y necesarias obras en los accesos y puentes sobre el r\u00edo Salado en la ruta provincial 39.<\/strong><\/p>\n<p><img loading=\"lazy\" class=\"aligncenter size-full wp-image-24390\" src=\"http:\/\/www.revistarescatados.com.ar\/web\/wp-content\/uploads\/2025\/07\/la-penca-1.jpg\" alt=\"\" width=\"650\" height=\"488\" srcset=\"https:\/\/www.revistarescatados.com.ar\/web\/wp-content\/uploads\/2025\/07\/la-penca-1.jpg 650w, https:\/\/www.revistarescatados.com.ar\/web\/wp-content\/uploads\/2025\/07\/la-penca-1-300x225.jpg 300w\" sizes=\"(max-width: 650px) 100vw, 650px\" \/><\/p>\n<p>Se trata de la licitaci\u00f3n p\u00fablica N\u00ba 14\/2025 del Gobierno de la Provincia de Santa Fe &#8211; Obra: RP n\u00b0 39, Tramo Accesos puente R\u00edo Salado, con un presupuesto oficial $ 4.391.000.000,00 redondeado al mes de junio, seg\u00fan lo especificado en el pliego de bases y condiciones.<\/p>\n<p>Los trabajos a ejecutar en esa zona con el objetivo de garantizar la conectividad y accesibilidad a toda una gran regi\u00f3n, contemplan la repavimentaci\u00f3n, refuncionalizaci\u00f3n y protecci\u00f3n de banquinas y taludes de aproximadamente 1750 metros del tramo de la calzada provincial en el sector ubicado entre los puentes del r\u00edo Salado.<\/p>\n<p>Cabe destacar que en cu\u00e1nto a reparaci\u00f3n y mantenimiento de la red vial provincial en el departamento San Justo, el pasado 23 de junio se realiz\u00f3 la licitaci\u00f3n por m\u00e1s de 3 mil millones de pesos para las tareas que se llevar\u00e1n a cabo en varios tramos de importantes rutas transversales; la 39 en otros sectores m\u00e1s all\u00e1 de los que se mencionaran arriba y la 61 que une San Justo con Soledad.<\/p>\n<p>&nbsp;<\/p>\n<p>&nbsp;<\/p>\n","protected":false},"excerpt":{"rendered":"<p>El Senador Provincial Rodrigo Borla dio a conocer en las \u00faltimas horas que el pr\u00f3ximo 25 de julio del corriente a la hora 10 en la sede comunal de esa localidad ubicada&#46;&#46;&#46;<\/p>\n","protected":false},"author":1,"featured_media":24390,"comment_status":"closed","ping_status":"closed","sticky":false,"template":"","format":"standard","meta":[],"categories":[4,16,10,14],"tags":[],"_links":{"self":[{"href":"https:\/\/www.revistarescatados.com.ar\/web\/wp-json\/wp\/v2\/posts\/24389"}],"collection":[{"href":"https:\/\/www.revistarescatados.com.ar\/web\/wp-json\/wp\/v2\/posts"}],"about":[{"href":"https:\/\/www.revistarescatados.com.ar\/web\/wp-json\/wp\/v2\/types\/post"}],"author":[{"embeddable":true,"href":"https:\/\/www.revistarescatados.com.ar\/web\/wp-json\/wp\/v2\/users\/1"}],"replies":[{"embeddable":true,"href":"https:\/\/www.revistarescatados.com.ar\/web\/wp-json\/wp\/v2\/comments?post=24389"}],"version-history":[{"count":1,"href":"https:\/\/www.revistarescatados.com.ar\/web\/wp-json\/wp\/v2\/posts\/24389\/revisions"}],"predecessor-version":[{"id":24391,"href":"https:\/\/www.revistarescatados.com.ar\/web\/wp-json\/wp\/v2\/posts\/24389\/revisions\/24391"}],"wp:featuredmedia":[{"embeddable":true,"href":"https:\/\/www.revistarescatados.com.ar\/web\/wp-json\/wp\/v2\/media\/24390"}],"wp:attachment":[{"href":"https:\/\/www.revistarescatados.com.ar\/web\/wp-json\/wp\/v2\/media?parent=24389"}],"wp:term":[{"taxonomy":"category","embeddable":true,"href":"https:\/\/www.revistarescatados.com.ar\/web\/wp-json\/wp\/v2\/categories?post=24389"},{"taxonomy":"post_tag","embeddable":true,"href":"https:\/\/www.revistarescatados.com.ar\/web\/wp-json\/wp\/v2\/tags?post=24389"}],"curies":[{"name":"wp","href":"https:\/\/api.w.org\/{rel}","templated":true}]}}