{"id":24392,"date":"2025-07-03T15:45:13","date_gmt":"2025-07-03T18:45:13","guid":{"rendered":"https:\/\/www.revistarescatados.com.ar\/web\/?p=24392"},"modified":"2025-07-03T15:45:13","modified_gmt":"2025-07-03T18:45:13","slug":"la-comuna-de-berna-entrego-fae-a-instituciones-educativas-del-pueblo","status":"publish","type":"post","link":"https:\/\/www.revistarescatados.com.ar\/web\/2025\/07\/03\/la-comuna-de-berna-entrego-fae-a-instituciones-educativas-del-pueblo\/","title":{"rendered":"La Comuna de Berna entreg\u00f3 FAE a instituciones educativas del pueblo"},"content":{"rendered":"<p><strong>Se ha destinado un importante aporte econ\u00f3mico a diversas instituciones educativas para refacciones, pintura y aires acondicionados. &#8220;Esta inversi\u00f3n tiene como objetivo fortalecer la infraestructura escolar, y garantizar un entorno m\u00e1s seguro y confortable para docentes y estudiantes&#8221;, destac\u00f3 el presidente comunal Danilo Feres\u00edn.<\/strong><\/p>\n<p><img loading=\"lazy\" class=\"aligncenter size-large wp-image-24393\" src=\"http:\/\/www.revistarescatados.com.ar\/web\/wp-content\/uploads\/2025\/07\/escuelas-de-Berna-1024x559.jpg\" alt=\"\" width=\"1024\" height=\"559\" srcset=\"https:\/\/www.revistarescatados.com.ar\/web\/wp-content\/uploads\/2025\/07\/escuelas-de-Berna-1024x559.jpg 1024w, https:\/\/www.revistarescatados.com.ar\/web\/wp-content\/uploads\/2025\/07\/escuelas-de-Berna-300x164.jpg 300w, https:\/\/www.revistarescatados.com.ar\/web\/wp-content\/uploads\/2025\/07\/escuelas-de-Berna-768x419.jpg 768w, https:\/\/www.revistarescatados.com.ar\/web\/wp-content\/uploads\/2025\/07\/escuelas-de-Berna.jpg 1075w\" sizes=\"(max-width: 1024px) 100vw, 1024px\" \/><br \/>\n\u2705ESSO N\u00b0 594 ha recibido un fondo de $800.000 destinado a la pintura interior de sus salones, contribuyendo as\u00ed a un ambiente m\u00e1s agradable y motivador para el desarrollo de las clases.<\/p>\n<p>\u2705CEPA N\u00b0 207 fue beneficiada con $350.000 que ser\u00e1n utilizados para trabajos de pintura y reparaci\u00f3n del techo, mejorando la seguridad y la conservaci\u00f3n del edificio escolar.<\/p>\n<p>\u2705En el caso de CER N\u00b0 322 &#8220;El Ricardito&#8221;, se otorgaron $558.400 para cubrir los costos de mano de obra y trabajos de pintura, mejorando significativamente las condiciones de las instalaciones.<\/p>\n<p>\u2705CAEBA N\u00facleo N\u00b0 10.009 recibi\u00f3 $550.000 que ser\u00e1n destinados a la compra de cenefas y arreglos en los techos, fortaleciendo la infraestructura del establecimiento.<\/p>\n<p>\u2705Finalmente, la Escuela N\u00b0 6116 ha sido beneficiada con $1.490.000 para la compra de dos aires acondicionados de 6000 frigor\u00edas, garantizando una mejor climatizaci\u00f3n en las aulas durante los meses de calor.<\/p>\n<p>Estas acciones reflejan el compromiso con una educaci\u00f3n p\u00fablica de calidad, apostando por espacios dignos y funcionales que favorezcan el aprendizaje y el bienestar de toda la comunidad educativa.<\/p>\n","protected":false},"excerpt":{"rendered":"<p>Se ha destinado un importante aporte econ\u00f3mico a diversas instituciones educativas para refacciones, pintura y aires acondicionados. &#8220;Esta inversi\u00f3n tiene como objetivo fortalecer la infraestructura escolar, y garantizar un entorno m\u00e1s seguro&#46;&#46;&#46;<\/p>\n","protected":false},"author":1,"featured_media":24393,"comment_status":"closed","ping_status":"closed","sticky":false,"template":"","format":"standard","meta":[],"categories":[6,16,15,10,14],"tags":[],"_links":{"self":[{"href":"https:\/\/www.revistarescatados.com.ar\/web\/wp-json\/wp\/v2\/posts\/24392"}],"collection":[{"href":"https:\/\/www.revistarescatados.com.ar\/web\/wp-json\/wp\/v2\/posts"}],"about":[{"href":"https:\/\/www.revistarescatados.com.ar\/web\/wp-json\/wp\/v2\/types\/post"}],"author":[{"embeddable":true,"href":"https:\/\/www.revistarescatados.com.ar\/web\/wp-json\/wp\/v2\/users\/1"}],"replies":[{"embeddable":true,"href":"https:\/\/www.revistarescatados.com.ar\/web\/wp-json\/wp\/v2\/comments?post=24392"}],"version-history":[{"count":1,"href":"https:\/\/www.revistarescatados.com.ar\/web\/wp-json\/wp\/v2\/posts\/24392\/revisions"}],"predecessor-version":[{"id":24394,"href":"https:\/\/www.revistarescatados.com.ar\/web\/wp-json\/wp\/v2\/posts\/24392\/revisions\/24394"}],"wp:featuredmedia":[{"embeddable":true,"href":"https:\/\/www.revistarescatados.com.ar\/web\/wp-json\/wp\/v2\/media\/24393"}],"wp:attachment":[{"href":"https:\/\/www.revistarescatados.com.ar\/web\/wp-json\/wp\/v2\/media?parent=24392"}],"wp:term":[{"taxonomy":"category","embeddable":true,"href":"https:\/\/www.revistarescatados.com.ar\/web\/wp-json\/wp\/v2\/categories?post=24392"},{"taxonomy":"post_tag","embeddable":true,"href":"https:\/\/www.revistarescatados.com.ar\/web\/wp-json\/wp\/v2\/tags?post=24392"}],"curies":[{"name":"wp","href":"https:\/\/api.w.org\/{rel}","templated":true}]}}