{"id":24457,"date":"2025-07-21T15:30:56","date_gmt":"2025-07-21T18:30:56","guid":{"rendered":"https:\/\/www.revistarescatados.com.ar\/web\/?p=24457"},"modified":"2025-07-21T15:30:56","modified_gmt":"2025-07-21T18:30:56","slug":"convocatoria-a-la-asamblea-ordinaria-de-la-asociacion-civil-vida-en-libertad-en-romang","status":"publish","type":"post","link":"https:\/\/www.revistarescatados.com.ar\/web\/2025\/07\/21\/convocatoria-a-la-asamblea-ordinaria-de-la-asociacion-civil-vida-en-libertad-en-romang\/","title":{"rendered":"Convocatoria a la asamblea ordinaria de la Asociaci\u00f3n Civil Vida en Libertad en Romang"},"content":{"rendered":"<p><strong>La Asociaci\u00f3n Civil Vida en Libertad con personer\u00eda jur\u00eddica N\u00ba 649\/15 y en cumplimiento con lo dispuesto por el articulo N\u00ba 35 del estatuto social, convoca sus socios y socias a Asamblea Ordinaria, a realizarse el d\u00eda 19 de agosto de 2025 siendo el 1\u00ba llamado a las 14 horas en el sal\u00f3n SUM de Paraje El Gusano.<\/strong><\/p>\n<p><img loading=\"lazy\" class=\"aligncenter size-full wp-image-20396\" src=\"http:\/\/www.revistarescatados.com.ar\/web\/wp-content\/uploads\/2023\/08\/Asociacion-Civil-Vida-en-Libertad.jpg\" alt=\"\" width=\"859\" height=\"848\" srcset=\"https:\/\/www.revistarescatados.com.ar\/web\/wp-content\/uploads\/2023\/08\/Asociacion-Civil-Vida-en-Libertad.jpg 859w, https:\/\/www.revistarescatados.com.ar\/web\/wp-content\/uploads\/2023\/08\/Asociacion-Civil-Vida-en-Libertad-300x296.jpg 300w, https:\/\/www.revistarescatados.com.ar\/web\/wp-content\/uploads\/2023\/08\/Asociacion-Civil-Vida-en-Libertad-768x758.jpg 768w, https:\/\/www.revistarescatados.com.ar\/web\/wp-content\/uploads\/2023\/08\/Asociacion-Civil-Vida-en-Libertad-80x80.jpg 80w\" sizes=\"(max-width: 859px) 100vw, 859px\" \/><\/p>\n<p>Se tratar\u00e1 el siguiente orden del d\u00eda:<\/p>\n<p><strong>ORDEN DEL DIA<\/strong><br \/>\n1. Lectura del acta de la asamblea anterior del periodo.<\/p>\n<p>2. Designaci\u00f3n de dos asamble\u00edstas para firmar el acta de asamblea<br \/>\nordinaria junto con el presidente y secretario.<\/p>\n<p>3. Lectura de la memoria del periodo cerrado al 31 de diciembre del 2024.<\/p>\n<p>4. Lectura del Balance General y estado de cuentas de gastos del periodo cerrado al 31 de diciembre de 2024.<\/p>\n<p>5. informe del Revisor de Cuentas del periodo cerrado al 31 de diciembre de 2024.<\/p>\n<p>6. Elecci\u00f3n de la nueva comisi\u00f3n para el periodo 2025-2027.<\/p>\n<p>7. Elecci\u00f3n de los revisores de cuentas para el periodo 2025-2027.<\/p>\n","protected":false},"excerpt":{"rendered":"<p>La Asociaci\u00f3n Civil Vida en Libertad con personer\u00eda jur\u00eddica N\u00ba 649\/15 y en cumplimiento con lo dispuesto por el articulo N\u00ba 35 del estatuto social, convoca sus socios y socias a Asamblea&#46;&#46;&#46;<\/p>\n","protected":false},"author":1,"featured_media":20396,"comment_status":"closed","ping_status":"closed","sticky":false,"template":"","format":"standard","meta":[],"categories":[5,16,10,14,8],"tags":[],"_links":{"self":[{"href":"https:\/\/www.revistarescatados.com.ar\/web\/wp-json\/wp\/v2\/posts\/24457"}],"collection":[{"href":"https:\/\/www.revistarescatados.com.ar\/web\/wp-json\/wp\/v2\/posts"}],"about":[{"href":"https:\/\/www.revistarescatados.com.ar\/web\/wp-json\/wp\/v2\/types\/post"}],"author":[{"embeddable":true,"href":"https:\/\/www.revistarescatados.com.ar\/web\/wp-json\/wp\/v2\/users\/1"}],"replies":[{"embeddable":true,"href":"https:\/\/www.revistarescatados.com.ar\/web\/wp-json\/wp\/v2\/comments?post=24457"}],"version-history":[{"count":2,"href":"https:\/\/www.revistarescatados.com.ar\/web\/wp-json\/wp\/v2\/posts\/24457\/revisions"}],"predecessor-version":[{"id":24459,"href":"https:\/\/www.revistarescatados.com.ar\/web\/wp-json\/wp\/v2\/posts\/24457\/revisions\/24459"}],"wp:featuredmedia":[{"embeddable":true,"href":"https:\/\/www.revistarescatados.com.ar\/web\/wp-json\/wp\/v2\/media\/20396"}],"wp:attachment":[{"href":"https:\/\/www.revistarescatados.com.ar\/web\/wp-json\/wp\/v2\/media?parent=24457"}],"wp:term":[{"taxonomy":"category","embeddable":true,"href":"https:\/\/www.revistarescatados.com.ar\/web\/wp-json\/wp\/v2\/categories?post=24457"},{"taxonomy":"post_tag","embeddable":true,"href":"https:\/\/www.revistarescatados.com.ar\/web\/wp-json\/wp\/v2\/tags?post=24457"}],"curies":[{"name":"wp","href":"https:\/\/api.w.org\/{rel}","templated":true}]}}