{"id":24495,"date":"2025-07-25T22:26:06","date_gmt":"2025-07-26T01:26:06","guid":{"rendered":"https:\/\/www.revistarescatados.com.ar\/web\/?p=24495"},"modified":"2025-07-25T22:26:06","modified_gmt":"2025-07-26T01:26:06","slug":"avanzan-talleres-y-capacitaciones-en-la-oficina-de-empleo-municipal-de-calchaqui","status":"publish","type":"post","link":"https:\/\/www.revistarescatados.com.ar\/web\/2025\/07\/25\/avanzan-talleres-y-capacitaciones-en-la-oficina-de-empleo-municipal-de-calchaqui\/","title":{"rendered":"Avanzan talleres y capacitaciones en la Oficina de empleo municipal de Calchaqu\u00ed"},"content":{"rendered":"<p><strong>Un grupo de j\u00f3venes inici\u00f3 un taller de orientaci\u00f3n laboral. Adem\u00e1s se inscribe a una capacitaci\u00f3n denominada &#8220;Estrategias de Financiamiento para hacer Crecer tu Pyme o Emprendimiento&#8221;. Son gratuitas y abiertas a la comunidad. Tambi\u00e9n se cre\u00f3 una gu\u00eda virtual de oficios y los emprendedores pueden vender sus productos en el parque Prensa.<\/strong><\/p>\n<p><img loading=\"lazy\" class=\"aligncenter size-large wp-image-24496\" src=\"http:\/\/www.revistarescatados.com.ar\/web\/wp-content\/uploads\/2025\/07\/Taller-de-orientacion-laboral-1024x576.jpg\" alt=\"\" width=\"1024\" height=\"576\" srcset=\"https:\/\/www.revistarescatados.com.ar\/web\/wp-content\/uploads\/2025\/07\/Taller-de-orientacion-laboral-1024x576.jpg 1024w, https:\/\/www.revistarescatados.com.ar\/web\/wp-content\/uploads\/2025\/07\/Taller-de-orientacion-laboral-300x169.jpg 300w, https:\/\/www.revistarescatados.com.ar\/web\/wp-content\/uploads\/2025\/07\/Taller-de-orientacion-laboral-768x432.jpg 768w, https:\/\/www.revistarescatados.com.ar\/web\/wp-content\/uploads\/2025\/07\/Taller-de-orientacion-laboral-1536x864.jpg 1536w, https:\/\/www.revistarescatados.com.ar\/web\/wp-content\/uploads\/2025\/07\/Taller-de-orientacion-laboral.jpg 1600w\" sizes=\"(max-width: 1024px) 100vw, 1024px\" \/><\/p>\n<p>En la Oficina de Empleo Municipal, los j\u00f3venes se capacitan para optimizar la b\u00fasqueda de empleo. La responsable del taller es la docente jubilada Pochi Fin\u00f3s, quien en la apertura fue acompa\u00f1ada por la secretaria de de gesti\u00f3n municipal Carla Diez.<\/p>\n<p>Por otra parte, se inscribe a la capacitaci\u00f3n: Estrategias de Financiamiento para hacer Crecer tu Pyme o Emprendimiento<br \/>\nVirtual sincr\u00f3nica. Comienza el 30\/07 a las 11.00. Son cinco clases. Para inscripciones comunicarse al Tel\u00e9fono de la Oficina de Empleo 3483 464626 (Hasta el 28\/07).<\/p>\n<div class=\"xdj266r x14z9mp xat24cr x1lziwak x1vvkbs x126k92a\">\n<div dir=\"auto\">Adem\u00e1s los\u00a0 emprendedores y artesanos locales pueden participar de esta propuesta. Los fines de semana y feriados que no haya eventos organizados por la Municipalidad de Calchaqu\u00ed en la CALLE RECREATIVA del Parque Prensa, podr\u00e1n vender sus productos libremente.<\/div>\n<div dir=\"auto\"><\/div>\n<div dir=\"auto\">Requisitos:<\/div>\n<div dir=\"auto\"><\/div>\n<\/div>\n<div class=\"x14z9mp xat24cr x1lziwak x1vvkbs xtlvy1s x126k92a\">\n<div dir=\"auto\"><span class=\"html-span xexx8yu xyri2b x18d9i69 x1c1uobl x1hl2dhg x16tdsg8 x1vvkbs x3nfvp2 x1j61x8r x1fcty0u xdj266r xat24cr xm2jcoa x1mpyi22 xxymvpz xlup9mm x1kky2od\"><img loading=\"lazy\" class=\"xz74otr x15mokao x1ga7v0g x16uus16 xbiv7yw\" src=\"https:\/\/static.xx.fbcdn.net\/images\/emoji.php\/v9\/t77\/1\/16\/203c.png\" alt=\"\u203c\ufe0f\" width=\"16\" height=\"16\" \/><\/span>Dirigido solo a emprendedores y artesanos radicados en la ciudad de Calchaqu\u00ed.<\/div>\n<div dir=\"auto\"><\/div>\n<div dir=\"auto\"><span class=\"html-span xexx8yu xyri2b x18d9i69 x1c1uobl x1hl2dhg x16tdsg8 x1vvkbs x3nfvp2 x1j61x8r x1fcty0u xdj266r xat24cr xm2jcoa x1mpyi22 xxymvpz xlup9mm x1kky2od\"><img loading=\"lazy\" class=\"xz74otr x15mokao x1ga7v0g x16uus16 xbiv7yw\" src=\"https:\/\/static.xx.fbcdn.net\/images\/emoji.php\/v9\/t77\/1\/16\/203c.png\" alt=\"\u203c\ufe0f\" width=\"16\" height=\"16\" \/><\/span>Respetar las medidas de higiene y seguridad reguladas mediante el Decreto N\u2022 084\/2015<\/div>\n<div dir=\"auto\"><\/div>\n<\/div>\n<div class=\"x14z9mp xat24cr x1lziwak x1vvkbs xtlvy1s x126k92a\">\n<div dir=\"auto\"><span class=\"html-span xexx8yu xyri2b x18d9i69 x1c1uobl x1hl2dhg x16tdsg8 x1vvkbs x3nfvp2 x1j61x8r x1fcty0u xdj266r xat24cr xm2jcoa x1mpyi22 xxymvpz xlup9mm x1kky2od\"><img loading=\"lazy\" class=\"xz74otr x15mokao x1ga7v0g x16uus16 xbiv7yw\" src=\"https:\/\/static.xx.fbcdn.net\/images\/emoji.php\/v9\/t77\/1\/16\/203c.png\" alt=\"\u203c\ufe0f\" width=\"16\" height=\"16\" \/><\/span>Por primera y \u00fanica vez deber\u00e1n REGISTRARSE en la Oficina de la Secretar\u00eda de Producci\u00f3n y obtener su CARNET DE HABILITACI\u00d3N. (Terminal de \u00d3mnibus).<\/div>\n<div dir=\"auto\"><\/div>\n<\/div>\n<div dir=\"auto\">\n<div class=\"xdj266r x14z9mp xat24cr x1lziwak x1vvkbs x126k92a\">\n<div dir=\"auto\"><strong>Gu\u00eda virtual\u00a0<\/strong><\/div>\n<\/div>\n<div class=\"x14z9mp xat24cr x1lziwak x1vvkbs xtlvy1s x126k92a\">\n<div dir=\"auto\"><span class=\"html-span xexx8yu xyri2b x18d9i69 x1c1uobl x1hl2dhg x16tdsg8 x1vvkbs x3nfvp2 x1j61x8r x1fcty0u xdj266r xat24cr xm2jcoa x1mpyi22 xxymvpz xlup9mm x1kky2od\"><img loading=\"lazy\" class=\"xz74otr x15mokao x1ga7v0g x16uus16 xbiv7yw\" src=\"https:\/\/static.xx.fbcdn.net\/images\/emoji.php\/v9\/tac\/1\/16\/1f4cc.png\" alt=\"????\" width=\"16\" height=\"16\" \/><\/span>ATENCI\u00d3N:<\/div>\n<div dir=\"auto\">Plomeros, Pintores, Alba\u00f1iles, Cortadores de pasto, Personal de Limpieza, Ni\u00f1eras y Personal de Cuidado de Adultos Mayores, etc., que quieran estar en el cat\u00e1logo de la gu\u00eda virtual, REGISTRARSE.<\/div>\n<div dir=\"auto\"><\/div>\n<\/div>\n<div class=\"x14z9mp xat24cr x1lziwak x1vvkbs xtlvy1s x126k92a\">\n<div dir=\"auto\"><span class=\"html-span xdj266r x14z9mp xat24cr x1lziwak xexx8yu xyri2b x18d9i69 x1c1uobl x1hl2dhg x16tdsg8 x1vvkbs\"><a class=\"x1i10hfl xjbqb8w x1ejq31n x18oe1m7 x1sy0etr xstzfhl x972fbf x10w94by x1qhh985 x14e42zd x9f619 x1ypdohk xt0psk2 xe8uvvx xdj266r x14z9mp xat24cr x1lziwak xexx8yu xyri2b x18d9i69 x1c1uobl x16tdsg8 x1hl2dhg xggy1nq x1a2a7pz xkrqix3 x1sur9pj x1fey0fg x1s688f\" tabindex=\"0\" role=\"link\" href=\"https:\/\/docs.google.com\/forms\/d\/e\/1FAIpQLSfCnfU02IAobdPJWz8LxX48b_nZkJRF1wN4F9eAanBRrTjiLg\/viewform?usp=header&amp;fbclid=IwZXh0bgNhZW0CMTAAYnJpZBExNEwwaVBvc3NlQmVIT1FDegEebKHTCgrPuxSrmDjvwA41EMZNfextJFFHIOU89J0ZuMWj7KxzCk-suirvFEo_aem_bxWvVbjnFSU4HCe9arUdSQ\" target=\"_blank\" rel=\"nofollow noopener noreferrer\">https:\/\/docs.google.com\/&#8230;\/1FAIpQLSfCnfU02IA&#8230;\/viewform&#8230;<\/a><\/span><\/div>\n<\/div>\n<div class=\"x14z9mp xat24cr x1lziwak x1vvkbs xtlvy1s x126k92a\">\n<div dir=\"auto\"><\/div>\n<div dir=\"auto\"><span class=\"html-span xexx8yu xyri2b x18d9i69 x1c1uobl x1hl2dhg x16tdsg8 x1vvkbs x3nfvp2 x1j61x8r x1fcty0u xdj266r xat24cr xm2jcoa x1mpyi22 xxymvpz xlup9mm x1kky2od\"><img loading=\"lazy\" class=\"xz74otr x15mokao x1ga7v0g x16uus16 xbiv7yw\" src=\"https:\/\/static.xx.fbcdn.net\/images\/emoji.php\/v9\/t57\/1\/16\/1f4f1.png\" alt=\"????\" width=\"16\" height=\"16\" \/><\/span>3483431523<\/div>\n<div dir=\"auto\"><\/div>\n<\/div>\n<div class=\"x14z9mp xat24cr x1lziwak x1vvkbs xtlvy1s x126k92a\">\n<div dir=\"auto\">Agend\u00e1 el n\u00famero de la Secretar\u00eda de la Producci\u00f3n para acceder al cat\u00e1logo de la gu\u00eda virtual de oficios.<\/div>\n<\/div>\n<\/div>\n","protected":false},"excerpt":{"rendered":"<p>Un grupo de j\u00f3venes inici\u00f3 un taller de orientaci\u00f3n laboral. Adem\u00e1s se inscribe a una capacitaci\u00f3n denominada &#8220;Estrategias de Financiamiento para hacer Crecer tu Pyme o Emprendimiento&#8221;. Son gratuitas y abiertas a&#46;&#46;&#46;<\/p>\n","protected":false},"author":1,"featured_media":24496,"comment_status":"closed","ping_status":"closed","sticky":false,"template":"","format":"standard","meta":[],"categories":[2,3,16,8],"tags":[],"_links":{"self":[{"href":"https:\/\/www.revistarescatados.com.ar\/web\/wp-json\/wp\/v2\/posts\/24495"}],"collection":[{"href":"https:\/\/www.revistarescatados.com.ar\/web\/wp-json\/wp\/v2\/posts"}],"about":[{"href":"https:\/\/www.revistarescatados.com.ar\/web\/wp-json\/wp\/v2\/types\/post"}],"author":[{"embeddable":true,"href":"https:\/\/www.revistarescatados.com.ar\/web\/wp-json\/wp\/v2\/users\/1"}],"replies":[{"embeddable":true,"href":"https:\/\/www.revistarescatados.com.ar\/web\/wp-json\/wp\/v2\/comments?post=24495"}],"version-history":[{"count":1,"href":"https:\/\/www.revistarescatados.com.ar\/web\/wp-json\/wp\/v2\/posts\/24495\/revisions"}],"predecessor-version":[{"id":24497,"href":"https:\/\/www.revistarescatados.com.ar\/web\/wp-json\/wp\/v2\/posts\/24495\/revisions\/24497"}],"wp:featuredmedia":[{"embeddable":true,"href":"https:\/\/www.revistarescatados.com.ar\/web\/wp-json\/wp\/v2\/media\/24496"}],"wp:attachment":[{"href":"https:\/\/www.revistarescatados.com.ar\/web\/wp-json\/wp\/v2\/media?parent=24495"}],"wp:term":[{"taxonomy":"category","embeddable":true,"href":"https:\/\/www.revistarescatados.com.ar\/web\/wp-json\/wp\/v2\/categories?post=24495"},{"taxonomy":"post_tag","embeddable":true,"href":"https:\/\/www.revistarescatados.com.ar\/web\/wp-json\/wp\/v2\/tags?post=24495"}],"curies":[{"name":"wp","href":"https:\/\/api.w.org\/{rel}","templated":true}]}}